{"id":70492,"date":"2025-08-29T11:31:26","date_gmt":"2025-08-29T17:31:26","guid":{"rendered":"https:\/\/encuentroinformativo.com.mx\/?p=70492"},"modified":"2025-08-29T11:31:26","modified_gmt":"2025-08-29T17:31:26","slug":"municipio-de-veracruz-sin-recicladora-de-llantas-y-baterias-regidora","status":"publish","type":"post","link":"https:\/\/encuentroinformativo.com.mx\/?p=70492","title":{"rendered":"Municipio de Veracruz sin recicladora de llantas y baterias: Regidora\u00a0"},"content":{"rendered":"<p><strong>Alejandro \u00c1vila<\/strong><\/p>\n<p>Veracruz, Ver.- A pesar de los esfuerzos y de ser el municipio con mayor recurso de la entidad veracruzana, la ciudad de Veracruz no cuenta con una recicladora de llantas y bater\u00edas, se\u00f1al\u00f3 la regidora, Lissethe Mart\u00ednez Echeverr\u00eda.<\/p>\n<p>Es por ello que el pr\u00f3ximo 30 de agosto a partir de las 8 de la ma\u00f1ana y hasta las 2 de la tarde en el parque Reino M\u00e1gico se realizar\u00e1 una edici\u00f3n m\u00e1s del &#8220;Reciclat\u00f3n Ecofest&#8221;, con la finalidad de crear un punto donde la ciudadan\u00eda pueda llevar productos reutilizables.<\/p>\n<p>&#8220;Estaremos recibiendo papel, cart\u00f3n, vidrio, tambi\u00e9n estaremos recibiendo Pet, pl\u00e1sticos duros, tambi\u00e9n tenemos reciclaje de llantas, esto es muy importante porque tenemos una problem\u00e1tica en nuestro municipio y en la zona conurbada, no tenemos un punto de reciclaje de llantas y el d\u00eda s\u00e1bado estaremos recibiendo las llantas usadas. Tambi\u00e9n estaremos recibiendo aceite usado y pilas, que tambi\u00e9n no contamos con un punto oficial, sin embargo, a trav\u00e9s de esta regidur\u00eda hemos podido establecer un punto de reciclaje permanente en las oficinas de la regidur\u00eda d\u00e9cimo segunda a mi cargo&#8221;, subray\u00f3.<\/p>\n<p>En otro tema, la edil con la comisi\u00f3n de Fomento Forestal, Ecolog\u00eda y Medio Ambiente, dio a conocer que ya existe una denuncia ante la Fiscal\u00eda Especializada en Delitos Ambientales y Contra los Animales (FEDAyCA), por el robo del cocodrilo en el zool\u00f3gico &#8220;Miguel \u00c1ngel de Quevedo&#8221;.<\/p>\n<p>&#8220;La \u00faltima noticia que tuvimos porque hab\u00eda bastante desinformaci\u00f3n, pregunta la direcci\u00f3n de Medio Ambiente y ellos nos informan que fue un cocodrilo de no mayor a 90 cent\u00edmetros, que fue una especie de las m\u00e1s de 60 especies que tenemos y que desafortunadamente por causas ajena se metieron a hacer esta incidencia, este robo del cocodrilo. Hay una denuncia ante la Fiscal\u00eda para dar con el presunto responsable&#8221;, culmin\u00f3.<\/p>\n","protected":false},"excerpt":{"rendered":"<p>Alejandro \u00c1vila Veracruz, Ver.- A pesar de los esfuerzos y de ser el municipio con mayor recurso de la entidad veracruzana, la ciudad de Veracruz no cuenta con una recicladora de llantas y bater\u00edas, se\u00f1al\u00f3 la regidora, Lissethe Mart\u00ednez Echeverr\u00eda. Es por ello que el pr\u00f3ximo 30 de agosto a partir de las 8 de [&hellip;]<\/p>\n","protected":false},"author":2476,"featured_media":70493,"comment_status":"open","ping_status":"open","sticky":false,"template":"","format":"standard","meta":{"_jetpack_memberships_contains_paid_content":false,"footnotes":""},"categories":[2],"tags":[],"class_list":["post-70492","post","type-post","status-publish","format-standard","has-post-thumbnail","hentry","category-estado"],"jetpack_featured_media_url":"https:\/\/encuentroinformativo.com.mx\/wp-content\/uploads\/2025\/08\/IMG-20250829-WA0072-scaled.jpg","jetpack_sharing_enabled":true,"jetpack_likes_enabled":true,"amp_enabled":true,"_links":{"self":[{"href":"https:\/\/encuentroinformativo.com.mx\/index.php?rest_route=\/wp\/v2\/posts\/70492","targetHints":{"allow":["GET"]}}],"collection":[{"href":"https:\/\/encuentroinformativo.com.mx\/index.php?rest_route=\/wp\/v2\/posts"}],"about":[{"href":"https:\/\/encuentroinformativo.com.mx\/index.php?rest_route=\/wp\/v2\/types\/post"}],"author":[{"embeddable":true,"href":"https:\/\/encuentroinformativo.com.mx\/index.php?rest_route=\/wp\/v2\/users\/2476"}],"replies":[{"embeddable":true,"href":"https:\/\/encuentroinformativo.com.mx\/index.php?rest_route=%2Fwp%2Fv2%2Fcomments&post=70492"}],"version-history":[{"count":1,"href":"https:\/\/encuentroinformativo.com.mx\/index.php?rest_route=\/wp\/v2\/posts\/70492\/revisions"}],"predecessor-version":[{"id":70494,"href":"https:\/\/encuentroinformativo.com.mx\/index.php?rest_route=\/wp\/v2\/posts\/70492\/revisions\/70494"}],"wp:featuredmedia":[{"embeddable":true,"href":"https:\/\/encuentroinformativo.com.mx\/index.php?rest_route=\/wp\/v2\/media\/70493"}],"wp:attachment":[{"href":"https:\/\/encuentroinformativo.com.mx\/index.php?rest_route=%2Fwp%2Fv2%2Fmedia&parent=70492"}],"wp:term":[{"taxonomy":"category","embeddable":true,"href":"https:\/\/encuentroinformativo.com.mx\/index.php?rest_route=%2Fwp%2Fv2%2Fcategories&post=70492"},{"taxonomy":"post_tag","embeddable":true,"href":"https:\/\/encuentroinformativo.com.mx\/index.php?rest_route=%2Fwp%2Fv2%2Ftags&post=70492"}],"curies":[{"name":"wp","href":"https:\/\/api.w.org\/{rel}","templated":true}]}}