{"id":70499,"date":"2025-08-29T11:52:43","date_gmt":"2025-08-29T17:52:43","guid":{"rendered":"https:\/\/encuentroinformativo.com.mx\/?p=70499"},"modified":"2025-08-29T11:52:43","modified_gmt":"2025-08-29T17:52:43","slug":"indignante-liberacion-de-implicados-en-homicidio-de-maria-elena-ferral-fernanda-de-luna","status":"publish","type":"post","link":"https:\/\/encuentroinformativo.com.mx\/?p=70499","title":{"rendered":"Indignante liberaci\u00f3n de implicados en homicidio de Mar\u00eda Elena Ferral: Fernanda de Luna"},"content":{"rendered":"<p><strong>Dar\u00edo Pale<\/strong><\/p>\n<p>Xalapa, Ver.- Mar\u00eda Fernanda de Luna Ferral, hija de la periodista asesinada Mar\u00eda Elena Ferral Hern\u00e1ndez calific\u00f3 como indignante la liberaci\u00f3n de otro presunto responsable en el crimen de la reportera, por lo que ya no espera justicia adem\u00e1s de que ya no tiene esperanzas, fall\u00f3 la FGE, no sustent\u00f3 pruebas y liberaron a presunto part\u00edcipe del asesinato.<\/p>\n<p>La hija de la periodista asesinada, Mar\u00eda Elena Ferral Hern\u00e1ndez, Fernanda Ferral Luna, lament\u00f3 que se haya liberado a otro de los involucrados en el crimen de la reportera asesinada el 30 de marzo de 2020, en Papantla, porque la Fiscal\u00eda General del Estado no logr\u00f3 probar su responsabilidad en el crimen de su madre.<\/p>\n<p>\u201cAcaban de liberar a otro detenido m\u00e1s por el caso de mi madre, la periodista Mar\u00eda Elena Ferral Hern\u00e1ndez. Es indignante esta situaci\u00f3n. Una vez m\u00e1s el tribunal colegiado ordena la liberaci\u00f3n de otra persona detenida por inconsistencias en la carpeta, por falta de evidencias y de pruebas\u201d, se\u00f1al\u00f3.<\/p>\n<p>La tambi\u00e9n reportera veracruzana reproch\u00f3 que la mala integraci\u00f3n de la carpeta haya sido uno de los motivos por el que se orden\u00f3 la liberaci\u00f3n del presunto criminal, este jueves.<\/p>\n<p>\u201cLa verdad es que ya no ya no espero justicia, ya en este punto del proceso ya no creo que vayamos a obtener justicia por Mar\u00eda Elena Ferral, muchos otros compa\u00f1eros est\u00e1n en la misma situaci\u00f3n que yo, solamente exigimos lo que nos merecemos como v\u00edctimas, respeto y que estos casos no se caigan, pero parece que lo hicieron con tal de hacerlos caer hasta este motivo hasta 5 a\u00f1os despu\u00e9s, se est\u00e1n cayendo este caso\u201d, agreg\u00f3.<\/p>\n<p>Lo que quiere el Tribunal es una prueba de qu\u00e9 hizo cada persona, recordemos que eran 9 detenidos, ya son 7 y estos dos que han salido, han salido por eso, porque la Fiscal\u00eda no se\u00f1ala qu\u00e9 hicieron, c\u00f3mo participaron&#8221;, lament\u00f3.<\/p>\n<p>Fernanda Ferral dijo que todo esto le lastima como v\u00edctima y como periodista le indigna.<\/p>\n<p>Record\u00f3 que por la falta de debida diligencia de la Fiscal\u00eda present\u00f3 una queja ante la Comisi\u00f3n Estatal de Derechos Humanos, pero fue descartada, sin embargo, tambi\u00e9n present\u00f3 queja ante el \u00f3rgano defensor de los derechos humanos nacional y est\u00e1 a la espera.<\/p>\n<p>Tras la liberaci\u00f3n de Luis \u00c1ngel &#8220;N&#8221;, Fernanda no descarta que los dem\u00e1s detenidos puedan ser liberados, toda vez que sigui\u00f3 los mismos argumentos de quien sali\u00f3 primero.<\/p>\n<p>&#8220;La verdad ya no veo esperanza, son cuatro los que tienen sentencia hasta el momento, pero estamos en un amparo en segunda instancia, hay que esperar, si el amparo de segunda instancia tira la sentencia, ya no hay manera, no habr\u00e1 justicia para Mar\u00eda Elena. Los otros tres est\u00e1n en etapa intermedia, pero est\u00e1n presentando amparos que probablemente se los otorguen&#8221;, se\u00f1al\u00f3.<\/p>\n<p>Respecto de Camerino Basilio Picazo P\u00e9rez, exalcalde de Coyutla, se\u00f1alado de ser el autor intelectual del asesinato de Ferral Hern\u00e1ndez; manifest\u00f3 que sigue pr\u00f3fugo de la justicia.<\/p>\n<p>Adem\u00e1s, reiter\u00f3 que contin\u00faa vigente el amparo, pero el fiscal encargado del caso le explic\u00f3 que no podr\u00e1 ser acusado por el mismo delito dos veces.<\/p>\n<p>&#8220;As\u00ed que no podr\u00edan girarle nuevamente una orden de aprehensi\u00f3n, desconozco eso fue lo que me dijo el fiscal a m\u00ed&#8221;.<\/p>\n<p>&#8220;Hagan su trabajo, no dejen caer este caso, si ya hab\u00edan seguido una l\u00ednea de investigaci\u00f3n, que la sigan. Acusaron a esta persona en una conferencia de prensa en palacio de Gobierno: fue Basilio Picazo P\u00e9rez por su labor de investigaci\u00f3n period\u00edstica de mi madre, entonces \u00bfqu\u00e9 pas\u00f3?, \u00bfpor qu\u00e9 no lo han detenido?, \u00bfqui\u00e9n lo protege?&#8221;, cuestion\u00f3.<\/p>\n","protected":false},"excerpt":{"rendered":"<p>Dar\u00edo Pale Xalapa, Ver.- Mar\u00eda Fernanda de Luna Ferral, hija de la periodista asesinada Mar\u00eda Elena Ferral Hern\u00e1ndez calific\u00f3 como indignante la liberaci\u00f3n de otro presunto responsable en el crimen de la reportera, por lo que ya no espera justicia adem\u00e1s de que ya no tiene esperanzas, fall\u00f3 la FGE, no sustent\u00f3 pruebas y liberaron [&hellip;]<\/p>\n","protected":false},"author":2476,"featured_media":70500,"comment_status":"open","ping_status":"open","sticky":false,"template":"","format":"standard","meta":{"_jetpack_memberships_contains_paid_content":false,"footnotes":""},"categories":[2],"tags":[],"class_list":["post-70499","post","type-post","status-publish","format-standard","has-post-thumbnail","hentry","category-estado"],"jetpack_featured_media_url":"https:\/\/encuentroinformativo.com.mx\/wp-content\/uploads\/2025\/08\/IMG-20250829-WA0077.jpg","jetpack_sharing_enabled":true,"jetpack_likes_enabled":true,"amp_enabled":true,"_links":{"self":[{"href":"https:\/\/encuentroinformativo.com.mx\/index.php?rest_route=\/wp\/v2\/posts\/70499","targetHints":{"allow":["GET"]}}],"collection":[{"href":"https:\/\/encuentroinformativo.com.mx\/index.php?rest_route=\/wp\/v2\/posts"}],"about":[{"href":"https:\/\/encuentroinformativo.com.mx\/index.php?rest_route=\/wp\/v2\/types\/post"}],"author":[{"embeddable":true,"href":"https:\/\/encuentroinformativo.com.mx\/index.php?rest_route=\/wp\/v2\/users\/2476"}],"replies":[{"embeddable":true,"href":"https:\/\/encuentroinformativo.com.mx\/index.php?rest_route=%2Fwp%2Fv2%2Fcomments&post=70499"}],"version-history":[{"count":2,"href":"https:\/\/encuentroinformativo.com.mx\/index.php?rest_route=\/wp\/v2\/posts\/70499\/revisions"}],"predecessor-version":[{"id":70502,"href":"https:\/\/encuentroinformativo.com.mx\/index.php?rest_route=\/wp\/v2\/posts\/70499\/revisions\/70502"}],"wp:featuredmedia":[{"embeddable":true,"href":"https:\/\/encuentroinformativo.com.mx\/index.php?rest_route=\/wp\/v2\/media\/70500"}],"wp:attachment":[{"href":"https:\/\/encuentroinformativo.com.mx\/index.php?rest_route=%2Fwp%2Fv2%2Fmedia&parent=70499"}],"wp:term":[{"taxonomy":"category","embeddable":true,"href":"https:\/\/encuentroinformativo.com.mx\/index.php?rest_route=%2Fwp%2Fv2%2Fcategories&post=70499"},{"taxonomy":"post_tag","embeddable":true,"href":"https:\/\/encuentroinformativo.com.mx\/index.php?rest_route=%2Fwp%2Fv2%2Ftags&post=70499"}],"curies":[{"name":"wp","href":"https:\/\/api.w.org\/{rel}","templated":true}]}}