{"id":7051,"date":"2020-10-19T12:44:28","date_gmt":"2020-10-19T17:44:28","guid":{"rendered":"https:\/\/encuentroinformativo.com.mx\/?p=7051"},"modified":"2020-10-19T12:44:31","modified_gmt":"2020-10-19T17:44:31","slug":"siguen-pendientes-pagos-para-docentes-de-tiempo-completo","status":"publish","type":"post","link":"https:\/\/encuentroinformativo.com.mx\/?p=7051","title":{"rendered":"Siguen pendientes pagos para docentes de tiempo completo"},"content":{"rendered":"\n<p><strong>Juan Arcos <\/strong><\/p>\n\n\n\n<p>Xalapa, Ver.- Docentes del programa Escuelas de Tiempo Completo tomaron las oficinas centrales de la Secretar\u00eda de Educaci\u00f3n de Veracruz (SEV), la ma\u00f1ana de este lunes.<\/p>\n\n\n\n<p>Los quejosos protestaron nuevamente para exigir su pago, mismo que fue suspendido desde agosto pasado, as\u00ed como tambi\u00e9n, el apoyo al fortalecimiento a la equidad y la inclusi\u00f3n, asignado a las escuelas entre septiembre y octubre.<\/p>\n\n\n\n<p>De acuerdo con Luis Enrique Rainier Pozos Hern\u00e1ndez, director de la escuela de Xico Viejo, el recurso federal fue recibido por el gobierno de Veracruz; sin embargo, hasta el momento, los profesores no han recibido su pago correspondiente.\u00a0<\/p>\n\n\n\n<p>\u201cEs un programa de car\u00e1cter federal, el cual todos los maestros sabemos que va a depender mucho de los que el estado reciba de la Federaci\u00f3n, lo recibe fraccionado. Para esta ocasi\u00f3n lleg\u00f3 en dos partes, la coordinadora estatal, Olga Guadalupe, nos coment\u00f3 que no se ten\u00eda el dep\u00f3sito de la segunda parte porque hab\u00eda un recorte de presupuesto por la pandemia\u201d.<\/p>\n\n\n\n<p>El entrevistado a\u00f1adi\u00f3 que el mismo titular de la SEV, Zenyazen Escobar Garc\u00eda, declar\u00f3 recientemente en medios de comunicaci\u00f3n que el dinero hab\u00eda llegado al estado de Veracruz y no habr\u00eda suspensi\u00f3n de pagos.<br>\u201cSi ya se tiene en el estado, por qu\u00e9 no se utiliza, se supone que el Secretario de Educaci\u00f3n dijo que no iba a haber suspensi\u00f3n de ning\u00fan tipo de pago. Es el programa federal que tiene m\u00e1s recurso a nivel nacional\u201d.<\/p>\n\n\n\n<p>Los docentes dijeron estar cansados de acudir con frecuencia a la SEV, sin obtener una respuesta favorable, adem\u00e1s de que deben continuar con las clases a distancia.<br>\u201cYa no queremos estar perdiendo tiempo, tenemos muchos trabajos con nuestros ni\u00f1os en esta nueva modalidad, que es a distancia, en algunos casos es h\u00edbrida, porque se hacen videollamadas y en otros casos entregan el material en f\u00edsico\u201d.<\/p>\n\n\n\n<p>Cabe recordar que la desaparici\u00f3n del programa federal afectar\u00eda a m\u00e1s de 65 mil estudiantes de mil 65 escuelas del estado.<\/p>\n\n\n\n<p>Los quejosos dijeron tener conocimiento de que en otros estados de la Rep\u00fablica Mexicana ya se ha ejercido el recurso econ\u00f3mico, a partir de agosto.<\/p>\n","protected":false},"excerpt":{"rendered":"<p>Juan Arcos Xalapa, Ver.- Docentes del programa Escuelas de Tiempo Completo tomaron las oficinas centrales de la Secretar\u00eda de Educaci\u00f3n de Veracruz (SEV), la ma\u00f1ana de este lunes. Los quejosos protestaron nuevamente para exigir su pago, mismo que fue suspendido desde agosto pasado, as\u00ed como tambi\u00e9n, el apoyo al fortalecimiento a la equidad y la [&hellip;]<\/p>\n","protected":false},"author":1,"featured_media":7052,"comment_status":"open","ping_status":"open","sticky":false,"template":"","format":"standard","meta":{"_jetpack_memberships_contains_paid_content":false,"footnotes":""},"categories":[2],"tags":[],"class_list":["post-7051","post","type-post","status-publish","format-standard","has-post-thumbnail","hentry","category-estado"],"jetpack_featured_media_url":"https:\/\/encuentroinformativo.com.mx\/wp-content\/uploads\/2020\/10\/1AB38DEE-CE5C-46FE-9DD7-D1AE87344973.jpeg","jetpack_sharing_enabled":true,"jetpack_likes_enabled":true,"amp_enabled":true,"_links":{"self":[{"href":"https:\/\/encuentroinformativo.com.mx\/index.php?rest_route=\/wp\/v2\/posts\/7051","targetHints":{"allow":["GET"]}}],"collection":[{"href":"https:\/\/encuentroinformativo.com.mx\/index.php?rest_route=\/wp\/v2\/posts"}],"about":[{"href":"https:\/\/encuentroinformativo.com.mx\/index.php?rest_route=\/wp\/v2\/types\/post"}],"author":[{"embeddable":true,"href":"https:\/\/encuentroinformativo.com.mx\/index.php?rest_route=\/wp\/v2\/users\/1"}],"replies":[{"embeddable":true,"href":"https:\/\/encuentroinformativo.com.mx\/index.php?rest_route=%2Fwp%2Fv2%2Fcomments&post=7051"}],"version-history":[{"count":1,"href":"https:\/\/encuentroinformativo.com.mx\/index.php?rest_route=\/wp\/v2\/posts\/7051\/revisions"}],"predecessor-version":[{"id":7053,"href":"https:\/\/encuentroinformativo.com.mx\/index.php?rest_route=\/wp\/v2\/posts\/7051\/revisions\/7053"}],"wp:featuredmedia":[{"embeddable":true,"href":"https:\/\/encuentroinformativo.com.mx\/index.php?rest_route=\/wp\/v2\/media\/7052"}],"wp:attachment":[{"href":"https:\/\/encuentroinformativo.com.mx\/index.php?rest_route=%2Fwp%2Fv2%2Fmedia&parent=7051"}],"wp:term":[{"taxonomy":"category","embeddable":true,"href":"https:\/\/encuentroinformativo.com.mx\/index.php?rest_route=%2Fwp%2Fv2%2Fcategories&post=7051"},{"taxonomy":"post_tag","embeddable":true,"href":"https:\/\/encuentroinformativo.com.mx\/index.php?rest_route=%2Fwp%2Fv2%2Ftags&post=7051"}],"curies":[{"name":"wp","href":"https:\/\/api.w.org\/{rel}","templated":true}]}}