{"id":70513,"date":"2025-08-29T14:59:34","date_gmt":"2025-08-29T20:59:34","guid":{"rendered":"https:\/\/encuentroinformativo.com.mx\/?p=70513"},"modified":"2025-08-29T14:59:34","modified_gmt":"2025-08-29T20:59:34","slug":"denuncian-despido-injustificado-en-el-asilo-sayago","status":"publish","type":"post","link":"https:\/\/encuentroinformativo.com.mx\/?p=70513","title":{"rendered":"Denuncian despido injustificado en el Asilo Sayago"},"content":{"rendered":"<p><strong>Dar\u00edo Pale<\/strong><\/p>\n<p>Xalapa, Ver.- Ex trabajadores del asilo \u201cSayago\u201d se manifestaron sobre la calle Xalape\u00f1os Ilustres para denunciar despidos injustificados as\u00ed como, acoso y hostigamiento por parte del personal para que sean reemplazados por personal cercano a ellos, as\u00ed lo dio a conocer Luz Contreras, personal de la Casa Hogar del Adulto Mayor.<\/p>\n<p>Ex trabajadores de la casa hogar del adulto mayor \u201cMariana Sayago\u201d, \u201cdesde octubre del 2016, estamos peleando nuestros derechos, el d\u00eda de ayer sin un motivo y sin una raz\u00f3n nos avisaron que ya no nos presentamos a trabajar, incluso a mis otros compa\u00f1eros les dijeron que ya ni siquiera pod\u00edan regresar a sus actividades, a mi compa\u00f1ero el nutri\u00f3logo Ciris no lo dejaron ni siquiera regresar solo por sus cosas, lo trataron como si fuera un vil ratero, no lo dejaron entrar solo, fueron con \u00e9l y lo acompa\u00f1aron nuevamente a la entrada\u201d.<\/p>\n<p>\u201cCabe mencionar que desde la entrada de ellas que fue desde febrero y marzo de 2025 hemos presentado una situaci\u00f3n bastante cansada de malos tratos, no podemos ni ir al ba\u00f1o porque ya nos est\u00e1n voceando que donde estamos, si vamos a otra \u00e1rea a ver algunas actividades laborales, nos est\u00e1n ah\u00ed pendientes, est\u00e1n atr\u00e1s de nosotros como si fu\u00e9ramos a hacer algo malo\u201d, se\u00f1al\u00f3.<\/p>\n<p>\u201cEn el caso del personal de base los amenazan con que les van a quitar, nos van a poner a disposici\u00f3n a\u00fan si no tienen motivos y el personal de contrato bueno, constantemente amenazados con que nos iban a quitar el trabajo y aqu\u00ed estamos, el d\u00eda de ayer nos despidieron y ahorita mandaron a traer a otros compa\u00f1eros tambi\u00e9n de contrato y ya les dijeron que ya quedaba terminado su contrato\u201d, agreg\u00f3.<\/p>\n<p>Inform\u00f3 que hasta este momento van seis pero siguen despidiendo personas, \u201chasta el d\u00eda de ayer vamos seis y ahorita siguen contando y contando, no tengo el n\u00famero exacto porque siguen corriendo y corriendo gente,&#8230;., en febrero corrieron a dos compa\u00f1eros dici\u00e9ndoles que era recorte de personal, pero ya ten\u00edan nombre y apellido de las personas que los iban a cubrir, entonces evidentemente no era falta de presupuesto\u201d.<\/p>\n<p>Por todo lo anterior se manifestaron para exigir la destituci\u00f3n de la nueva administraci\u00f3n, la administradora, la licenciada Sara del Rosario Portilla Cano y la directora Mar\u00eda Fernanda Beltr\u00e1n Garc\u00eda, as\u00ed como tambi\u00e9n recursos humanos, la licenciada Liz y el personal de jur\u00eddico, el licenciado V\u00edctor, los cuales los han estado acosando.<\/p>\n<p>Por otra parte Dulce Yanet Casas Beristain, dio a conocer que el d\u00eda de ayer fueron despedidos cuatro personas, son los primeros en ser notificados, estaban dentro de sus labores y fue cuando los citaron para que bajaran a la direcci\u00f3n para avisarles que no ser\u00edan recontratados y solo les argumentaron que era por \u00f3rdenes de servicios de salud dentro de recursos humanos.<\/p>\n<p>&#8220;Fuimos nosotros los primeros en ser notificados, est\u00e1bamos dentro de nuestras labores y fue cuando se nos cit\u00f3 a bajar a direcci\u00f3n para que dij\u00e9ramos, o sea, que no se nos iba a negar la recontrataci\u00f3n. Lo que ellos nos argumentaron que era por \u00f3rdenes de Servicios de Salud dentro de Recursos Humanos, cosa que no es cierto porque ellos a\u00fan no saben, nosotros ya fuimos a ver y nos dicen que no, no nos quieren recibir aqu\u00ed para darnos aclaraci\u00f3n de por qu\u00e9 son los motivos de que nos est\u00e1n despidiendo&#8221;.<\/p>\n<p>Adem\u00e1s, coment\u00f3 que hay personal insuficiente y quedan 18 residentes.<\/p>\n<p>&#8220;El d\u00eda de ayer que a nosotros nos pidieron que nos sali\u00e9ramos, una enfermera, el asilo se compone por cuatro salas, una enfermera se tuvo que quedar a cargo de dos salas que son alrededor de 18 a 20 pacientes y obviamente eso implica que haya m\u00e1s riesgo de alguna omisi\u00f3n o de algo que se vaya a ocurrir con los accidentes porque no se les puede brindar el mismo cuidado cuando una enfermera est\u00e1 a cargo&#8221;, acus\u00f3.<\/p>\n<p>Acot\u00f3 que anterior a que fueran los despidos, se le notific\u00f3 al personal de base que ellos iban a cubrir vacaciones, que iban a cubrir descansos, &#8220;haciendo esa misma situaci\u00f3n, llev\u00e1ndose doble sala, cambi\u00e1ndole su turno, previniendo que ya iban a despedir al personal que nos acaban de despedir, porque no solo fue a personal de enfermer\u00eda, tambi\u00e9n fue a personal de terapia f\u00edsica, cosa que solamente hay un terapeuta en el asilo, entonces no es por recorte de personal&#8221;.<\/p>\n<p>Por ello, dijo que estas destituciones ya tienen nombre y apellido, &#8220;no lo van a querer decir, pero ya lo tienen&#8221;.<\/p>\n<p>&#8211; \u00bfPor qu\u00e9?<br \/>\n&#8211; Porque quieren meter a su gente como lo han estado haciendo desde que ellos llegaron.<\/p>\n<p>&#8211; \u00bfCu\u00e1ntas personas se han metido en la n\u00f3mina?<br \/>\n&#8211; Desde que ellos llegaron son uno, dos, como seis personas dentro de los cargos administrativos y se crearon cargos administrativos que no estaban, como el encargado de almacenes, cosa que era un \u00e1rea donde ni siquiera antes hab\u00edan estado y cuando ellos llegaron ese cargo se cre\u00f3. Chofer de la directora, cosa que antes no hab\u00eda, ya hay un chofer para la directora, que est\u00e1 dentro de n\u00f3mina, personal jur\u00eddico, tambi\u00e9n no estaba ese cargo y ahora ya lo est\u00e1.<\/p>\n<p>Con respecto a los medicamentos, dijo que que se tienen que comprar por parte de la instituci\u00f3n, &#8220;pasan dos semanas, tres semanas y los abuelitos, los residentes no tienen los medicamentos, \u00bfpor qu\u00e9? Porque no los compran aqu\u00ed dentro de la instituci\u00f3n&#8221;.<\/p>\n<p>Acerca de las pensiones, coment\u00f3 que los residentes tienen sus pensiones, &#8220;algunos, la mayor\u00eda de los abuelos ya no tienen nadie que env\u00eda por ellos, est\u00e1n directamente a cargo de aqu\u00ed de la instituci\u00f3n y pues todas las pensiones pues las maneja aqu\u00ed la instituci\u00f3n y son ellos los que est\u00e1n como representantes legales para poder comprar esos medicamentos&#8221;.<\/p>\n<p>&#8211; \u00bfY se han dado cuenta de c\u00f3mo, en qu\u00e9 se acaban o en qu\u00e9 se destinan las pensiones?<br \/>\n&#8211; Ese recurso o esas pensiones nosotros no tenemos como tal as\u00ed de que digan en esto se ocup\u00f3, eso no, es interno, no sabemos si realmente lo est\u00e1n reportando, si s\u00ed est\u00e1 ocup\u00e1ndose para lo que se deber\u00eda.<\/p>\n<p><img loading=\"lazy\" decoding=\"async\" class=\"aligncenter size-medium wp-image-70515\" src=\"https:\/\/encuentroinformativo.com.mx\/wp-content\/uploads\/2025\/08\/IMG-20250829-WA0189-300x200.jpg\" alt=\"\" width=\"300\" height=\"200\" srcset=\"https:\/\/encuentroinformativo.com.mx\/wp-content\/uploads\/2025\/08\/IMG-20250829-WA0189-300x200.jpg 300w, https:\/\/encuentroinformativo.com.mx\/wp-content\/uploads\/2025\/08\/IMG-20250829-WA0189-1024x683.jpg 1024w, https:\/\/encuentroinformativo.com.mx\/wp-content\/uploads\/2025\/08\/IMG-20250829-WA0189-768x512.jpg 768w, https:\/\/encuentroinformativo.com.mx\/wp-content\/uploads\/2025\/08\/IMG-20250829-WA0189-1536x1024.jpg 1536w, https:\/\/encuentroinformativo.com.mx\/wp-content\/uploads\/2025\/08\/IMG-20250829-WA0189.jpg 1599w\" sizes=\"auto, (max-width: 300px) 100vw, 300px\" \/><\/p>\n","protected":false},"excerpt":{"rendered":"<p>Dar\u00edo Pale Xalapa, Ver.- Ex trabajadores del asilo \u201cSayago\u201d se manifestaron sobre la calle Xalape\u00f1os Ilustres para denunciar despidos injustificados as\u00ed como, acoso y hostigamiento por parte del personal para que sean reemplazados por personal cercano a ellos, as\u00ed lo dio a conocer Luz Contreras, personal de la Casa Hogar del Adulto Mayor. Ex trabajadores [&hellip;]<\/p>\n","protected":false},"author":2476,"featured_media":70514,"comment_status":"open","ping_status":"open","sticky":false,"template":"","format":"standard","meta":{"_jetpack_memberships_contains_paid_content":false,"footnotes":""},"categories":[3],"tags":[],"class_list":["post-70513","post","type-post","status-publish","format-standard","has-post-thumbnail","hentry","category-xalapa"],"jetpack_featured_media_url":"https:\/\/encuentroinformativo.com.mx\/wp-content\/uploads\/2025\/08\/IMG-20250829-WA0188.jpg","jetpack_sharing_enabled":true,"jetpack_likes_enabled":true,"amp_enabled":true,"_links":{"self":[{"href":"https:\/\/encuentroinformativo.com.mx\/index.php?rest_route=\/wp\/v2\/posts\/70513","targetHints":{"allow":["GET"]}}],"collection":[{"href":"https:\/\/encuentroinformativo.com.mx\/index.php?rest_route=\/wp\/v2\/posts"}],"about":[{"href":"https:\/\/encuentroinformativo.com.mx\/index.php?rest_route=\/wp\/v2\/types\/post"}],"author":[{"embeddable":true,"href":"https:\/\/encuentroinformativo.com.mx\/index.php?rest_route=\/wp\/v2\/users\/2476"}],"replies":[{"embeddable":true,"href":"https:\/\/encuentroinformativo.com.mx\/index.php?rest_route=%2Fwp%2Fv2%2Fcomments&post=70513"}],"version-history":[{"count":1,"href":"https:\/\/encuentroinformativo.com.mx\/index.php?rest_route=\/wp\/v2\/posts\/70513\/revisions"}],"predecessor-version":[{"id":70516,"href":"https:\/\/encuentroinformativo.com.mx\/index.php?rest_route=\/wp\/v2\/posts\/70513\/revisions\/70516"}],"wp:featuredmedia":[{"embeddable":true,"href":"https:\/\/encuentroinformativo.com.mx\/index.php?rest_route=\/wp\/v2\/media\/70514"}],"wp:attachment":[{"href":"https:\/\/encuentroinformativo.com.mx\/index.php?rest_route=%2Fwp%2Fv2%2Fmedia&parent=70513"}],"wp:term":[{"taxonomy":"category","embeddable":true,"href":"https:\/\/encuentroinformativo.com.mx\/index.php?rest_route=%2Fwp%2Fv2%2Fcategories&post=70513"},{"taxonomy":"post_tag","embeddable":true,"href":"https:\/\/encuentroinformativo.com.mx\/index.php?rest_route=%2Fwp%2Fv2%2Ftags&post=70513"}],"curies":[{"name":"wp","href":"https:\/\/api.w.org\/{rel}","templated":true}]}}