{"id":70517,"date":"2025-08-30T14:35:57","date_gmt":"2025-08-30T20:35:57","guid":{"rendered":"https:\/\/encuentroinformativo.com.mx\/?p=70517"},"modified":"2025-08-30T14:35:57","modified_gmt":"2025-08-30T20:35:57","slug":"veracruzana-representara-a-mexico-en-concurso-de-belleza-en-filipinas","status":"publish","type":"post","link":"https:\/\/encuentroinformativo.com.mx\/?p=70517","title":{"rendered":"Veracruzana representar\u00e1 a M\u00e9xico en concurso de belleza en Filipinas"},"content":{"rendered":"<p><strong>Alejandro \u00c1vila<\/strong><\/p>\n<p>Veracruz, Ver.- G\u00e9nesis Vera, Miss Earth M\u00e9xico 2025, representar\u00e1 a M\u00e9xico en Filipinas durante el concurso de belleza Miss Earth International 2025.<\/p>\n<p>En conferencia de prensa realizada en el Hotel Veracruz Centro Hist\u00f3rico, G\u00e9nesis Vera dijo estar emocionada y comprometida con la tierra que la vio nacer, de representar a la mujer mexicana, trabajadora, inteligente y empoderada as\u00ed como mostrar ante el mundo las riquezas de M\u00e9xico.<\/p>\n<p>G\u00e9nesis Vera se dio un tiempo para visitar Veracruz, reunirse con sus amigos, con los medios de comunicaci\u00f3n y realizar algunas actividades altruistas as\u00ed como labores en favor de la Madre Tierra.<\/p>\n<p>Como parte de su proyecto de \u201cBelleza con Causa\u201d, G\u00e9nesis Vera, quien tambi\u00e9n es artista pl\u00e1stica, mencion\u00f3 que como proyecto ha impreso cuadernillos educativos para ni\u00f1as y ni\u00f1os, enfocados en la conservaci\u00f3n del medio ambiente.<\/p>\n<p>Por su parte, Odalys Gonz\u00e1lez Sosa, Miss Turismo y Cultura M\u00e9xico 2025, expres\u00f3 que viajar\u00e1 en las pr\u00f3ximas semanas a Colombia para representar a M\u00e9xico en el Reinado Mundial de Miss Turismo y Cultura, en donde presentar\u00e1 material informativo, objetos y gastronom\u00eda representativos de la historia y cultura veracruzana, en un esfuerzo por difundir el patrimonio de nuestra entidad.<\/p>\n<p>Jes\u00fas Montoya, director de Miss Earth Veracruz, record\u00f3 que este certamen est\u00e1 enfocado en la conciencia ecol\u00f3gica, y reafirm\u00f3 el respaldo de la organizaci\u00f3n y la comunidad veracruzana a las candidatas que representar\u00e1n al estado y al pa\u00eds en el \u00e1mbito internacional.<\/p>\n<p>Durante la conferencia de prensa y ante los medios de comunicaci\u00f3n, se aprovech\u00f3 el momento y la ocasi\u00f3n para coronar a la nueva Miss Earth Veracruz 2026, Juliana Malpica, quien continuar\u00e1 su camino en la etapa nacional de este certamen.<\/p>\n<p>Tras ser coronada por G\u00e9nesis Vera y recibir la banda por parte de Odalys Gonz\u00e1lez Sosa, Juliana Malpica expres\u00f3 su emoci\u00f3n y agradecimiento de ser la portadora de dicho t\u00edtulo de belleza que la compromete en representar dignamente al estado de Veracruz en el certamen nacional Miss Earth M\u00e9xico, que dirige Paul Marsell.<\/p>\n","protected":false},"excerpt":{"rendered":"<p>Alejandro \u00c1vila Veracruz, Ver.- G\u00e9nesis Vera, Miss Earth M\u00e9xico 2025, representar\u00e1 a M\u00e9xico en Filipinas durante el concurso de belleza Miss Earth International 2025. En conferencia de prensa realizada en el Hotel Veracruz Centro Hist\u00f3rico, G\u00e9nesis Vera dijo estar emocionada y comprometida con la tierra que la vio nacer, de representar a la mujer mexicana, [&hellip;]<\/p>\n","protected":false},"author":2476,"featured_media":70518,"comment_status":"open","ping_status":"open","sticky":false,"template":"","format":"standard","meta":{"_jetpack_memberships_contains_paid_content":false,"footnotes":""},"categories":[2],"tags":[],"class_list":["post-70517","post","type-post","status-publish","format-standard","has-post-thumbnail","hentry","category-estado"],"jetpack_featured_media_url":"https:\/\/encuentroinformativo.com.mx\/wp-content\/uploads\/2025\/08\/IMG-20250830-WA0204.jpg","jetpack_sharing_enabled":true,"jetpack_likes_enabled":true,"amp_enabled":true,"_links":{"self":[{"href":"https:\/\/encuentroinformativo.com.mx\/index.php?rest_route=\/wp\/v2\/posts\/70517","targetHints":{"allow":["GET"]}}],"collection":[{"href":"https:\/\/encuentroinformativo.com.mx\/index.php?rest_route=\/wp\/v2\/posts"}],"about":[{"href":"https:\/\/encuentroinformativo.com.mx\/index.php?rest_route=\/wp\/v2\/types\/post"}],"author":[{"embeddable":true,"href":"https:\/\/encuentroinformativo.com.mx\/index.php?rest_route=\/wp\/v2\/users\/2476"}],"replies":[{"embeddable":true,"href":"https:\/\/encuentroinformativo.com.mx\/index.php?rest_route=%2Fwp%2Fv2%2Fcomments&post=70517"}],"version-history":[{"count":1,"href":"https:\/\/encuentroinformativo.com.mx\/index.php?rest_route=\/wp\/v2\/posts\/70517\/revisions"}],"predecessor-version":[{"id":70519,"href":"https:\/\/encuentroinformativo.com.mx\/index.php?rest_route=\/wp\/v2\/posts\/70517\/revisions\/70519"}],"wp:featuredmedia":[{"embeddable":true,"href":"https:\/\/encuentroinformativo.com.mx\/index.php?rest_route=\/wp\/v2\/media\/70518"}],"wp:attachment":[{"href":"https:\/\/encuentroinformativo.com.mx\/index.php?rest_route=%2Fwp%2Fv2%2Fmedia&parent=70517"}],"wp:term":[{"taxonomy":"category","embeddable":true,"href":"https:\/\/encuentroinformativo.com.mx\/index.php?rest_route=%2Fwp%2Fv2%2Fcategories&post=70517"},{"taxonomy":"post_tag","embeddable":true,"href":"https:\/\/encuentroinformativo.com.mx\/index.php?rest_route=%2Fwp%2Fv2%2Ftags&post=70517"}],"curies":[{"name":"wp","href":"https:\/\/api.w.org\/{rel}","templated":true}]}}