{"id":70520,"date":"2025-08-30T14:45:19","date_gmt":"2025-08-30T20:45:19","guid":{"rendered":"https:\/\/encuentroinformativo.com.mx\/?p=70520"},"modified":"2025-08-30T14:45:19","modified_gmt":"2025-08-30T20:45:19","slug":"busqueda-de-personas-debe-ser-prioridad-claman-colectivos","status":"publish","type":"post","link":"https:\/\/encuentroinformativo.com.mx\/?p=70520","title":{"rendered":"B\u00fasqueda de personas debe ser prioridad, claman Colectivos"},"content":{"rendered":"<p><strong>Dar\u00edo Pale<\/strong><\/p>\n<p>Xalapa, Ver.- En el marco del D\u00eda Internacional de las Personas Desaparecidas, diferentes colectivos realizaron una marcha para exigir al gobierno de Veracruz que no se repita la historia de abandono, que se respeten sus derechos y que la b\u00fasqueda de las personas desaparecidas sea una prioridad inmediata.<\/p>\n<p>Exigen a la Gobernadora que la b\u00fasqueda de personas desaparecidas sea una prioridad inmediata, \u201ccada a\u00f1o que pasa es un recordatorio, del profundo dolor de la ausencia, de la incertidumbre que nos consume y la esperanza que nos sostiene, a la gobernadora de Veracruz, Roc\u00edo Nalhe Garc\u00eda, a la fiscal general del Estado, Ver\u00f3nica Hern\u00e1ndez Giadans a la comisionada estatal de b\u00fasqueda, maestra Luzgarda Madrigal Vald\u00e9s y al pr\u00f3ximo titular de la Comisi\u00f3n Ejecutiva Estatal de Atenci\u00f3n Integral a V\u00edctimas. Les decimos con entereza y convicci\u00f3n, nuestra lucha no es una elecci\u00f3n, es una necesidad\u201d.<\/p>\n<p>Victoria Delgadillo Morales, representante del colectivo Familiares Enlaces Xalapa, \u201cSe\u00f1ora gobernadora, es necesario dotar de recursos a las instituciones correspondientes, el quebranto que sentimos se convierte en la fuerza colectiva que nos une, la esperanza de encontrarles es lo \u00fanico que nos mantiene de pie, pero esa esperanza no puede sostenerse sola\u201d.<\/p>\n<p>Asever\u00f3 que seguir\u00e1n buscando hasta que la justicia deje de ser promesa y se convierta en una realidad y le extern\u00f3 a la Mandataria en un pronunciamiento p\u00fablico, que no se quieren ir sin encontrar a sus familiares, porque muchos han muerto o los han matado sin encontrarlos.<\/p>\n<p>&#8220;Porque cada ausencia es un vac\u00edo que no se llena y que cada d\u00eda que pasa sin verdad y justicia, es un dolor que nos consume, por nuestros hijos, nuestras hijas, nuestros hermanos, hermanas, por todos los que nos hacen falta seguimos buscando hasta encontrarlos&#8221;, coment\u00f3.<\/p>\n<p>&#8220;Ya no m\u00e1s, ya no queremos m\u00e1s desaparecidos, basta de simulaciones, ya p\u00f3nganse a trabajar, que las familias seguimos en esta lucha sin encontrar a nuestros familiares desaparecidos&#8221;, agreg\u00f3.<\/p>\n<p>Durante la marcha llevada a cabo al memorial de desaparecidos, Delgadillo Morales afirm\u00f3 que si a\u00fan as\u00ed no los apoya el Gobierno, ellos seguir\u00e1n solos como lo han hecho durante todos estos a\u00f1os por sus hijos y familiares.<\/p>\n<p>&#8220;Somos familiares, hace a\u00f1os que estamos en esta lucha sin encontrar y gente que se ha unido porque tienen un familiar desaparecido y otras compa\u00f1eras desgraciadamente encontraron a sus hijos, pero no como hubieran querido, los han encontrado sin vida, eso no deber\u00eda de pasar, inform\u00f3.<\/p>\n<p>Otros integrantes de los colectivos comentaron que: \u201cQueremos justicia, qu\u00e9 queremos, justicia, justicia, porque vivos se los llevaron, vivos los queremos, hasta encontrarles a todos. Ni un asesinado m\u00e1s&#8221;.<\/p>\n<p>Finalmente gritaron consignas como \u201c\u00a1Basta de simulaciones! \u00a1Ya p\u00f3nganse a trabajar! \u00a1Que las familias seguimos en esta lucha sin encontrar nuestros familiares desaparecidos! \u00a1Ya p\u00f3nganse a trabajar! \u00a1Necesitamos de ustedes! \u00a1Pero si a\u00fan no nos apoyan, nosotros seguiremos solos como lo hemos hecho en esta lucha!<\/p>\n<p><img loading=\"lazy\" decoding=\"async\" class=\"aligncenter size-medium wp-image-70522\" src=\"https:\/\/encuentroinformativo.com.mx\/wp-content\/uploads\/2025\/08\/IMG-20250830-WA0190-300x169.jpg\" alt=\"\" width=\"300\" height=\"169\" srcset=\"https:\/\/encuentroinformativo.com.mx\/wp-content\/uploads\/2025\/08\/IMG-20250830-WA0190-300x169.jpg 300w, https:\/\/encuentroinformativo.com.mx\/wp-content\/uploads\/2025\/08\/IMG-20250830-WA0190-1024x576.jpg 1024w, https:\/\/encuentroinformativo.com.mx\/wp-content\/uploads\/2025\/08\/IMG-20250830-WA0190-768x432.jpg 768w, https:\/\/encuentroinformativo.com.mx\/wp-content\/uploads\/2025\/08\/IMG-20250830-WA0190-1536x864.jpg 1536w, https:\/\/encuentroinformativo.com.mx\/wp-content\/uploads\/2025\/08\/IMG-20250830-WA0190.jpg 1600w\" sizes=\"auto, (max-width: 300px) 100vw, 300px\" \/><\/p>\n","protected":false},"excerpt":{"rendered":"<p>Dar\u00edo Pale Xalapa, Ver.- En el marco del D\u00eda Internacional de las Personas Desaparecidas, diferentes colectivos realizaron una marcha para exigir al gobierno de Veracruz que no se repita la historia de abandono, que se respeten sus derechos y que la b\u00fasqueda de las personas desaparecidas sea una prioridad inmediata. Exigen a la Gobernadora que [&hellip;]<\/p>\n","protected":false},"author":2476,"featured_media":70521,"comment_status":"open","ping_status":"open","sticky":false,"template":"","format":"standard","meta":{"_jetpack_memberships_contains_paid_content":false,"footnotes":""},"categories":[3],"tags":[],"class_list":["post-70520","post","type-post","status-publish","format-standard","has-post-thumbnail","hentry","category-xalapa"],"jetpack_featured_media_url":"https:\/\/encuentroinformativo.com.mx\/wp-content\/uploads\/2025\/08\/IMG-20250830-WA0189.jpg","jetpack_sharing_enabled":true,"jetpack_likes_enabled":true,"amp_enabled":true,"_links":{"self":[{"href":"https:\/\/encuentroinformativo.com.mx\/index.php?rest_route=\/wp\/v2\/posts\/70520","targetHints":{"allow":["GET"]}}],"collection":[{"href":"https:\/\/encuentroinformativo.com.mx\/index.php?rest_route=\/wp\/v2\/posts"}],"about":[{"href":"https:\/\/encuentroinformativo.com.mx\/index.php?rest_route=\/wp\/v2\/types\/post"}],"author":[{"embeddable":true,"href":"https:\/\/encuentroinformativo.com.mx\/index.php?rest_route=\/wp\/v2\/users\/2476"}],"replies":[{"embeddable":true,"href":"https:\/\/encuentroinformativo.com.mx\/index.php?rest_route=%2Fwp%2Fv2%2Fcomments&post=70520"}],"version-history":[{"count":1,"href":"https:\/\/encuentroinformativo.com.mx\/index.php?rest_route=\/wp\/v2\/posts\/70520\/revisions"}],"predecessor-version":[{"id":70523,"href":"https:\/\/encuentroinformativo.com.mx\/index.php?rest_route=\/wp\/v2\/posts\/70520\/revisions\/70523"}],"wp:featuredmedia":[{"embeddable":true,"href":"https:\/\/encuentroinformativo.com.mx\/index.php?rest_route=\/wp\/v2\/media\/70521"}],"wp:attachment":[{"href":"https:\/\/encuentroinformativo.com.mx\/index.php?rest_route=%2Fwp%2Fv2%2Fmedia&parent=70520"}],"wp:term":[{"taxonomy":"category","embeddable":true,"href":"https:\/\/encuentroinformativo.com.mx\/index.php?rest_route=%2Fwp%2Fv2%2Fcategories&post=70520"},{"taxonomy":"post_tag","embeddable":true,"href":"https:\/\/encuentroinformativo.com.mx\/index.php?rest_route=%2Fwp%2Fv2%2Ftags&post=70520"}],"curies":[{"name":"wp","href":"https:\/\/api.w.org\/{rel}","templated":true}]}}