{"id":70545,"date":"2025-09-01T12:28:00","date_gmt":"2025-09-01T18:28:00","guid":{"rendered":"https:\/\/encuentroinformativo.com.mx\/?p=70545"},"modified":"2025-09-01T12:28:00","modified_gmt":"2025-09-01T18:28:00","slug":"padres-de-familia-rechazan-nuevo-director-en-primaria-vicente-guerrero","status":"publish","type":"post","link":"https:\/\/encuentroinformativo.com.mx\/?p=70545","title":{"rendered":"Padres de familia rechazan nuevo director en primaria &#8220;Vicente Guerrero&#8221;"},"content":{"rendered":"<p><strong>Dar\u00edo Pale<\/strong><\/p>\n<p>Xalapa, Ver.- Padres de familia de la escuela primaria Vicente Guerrero se manifestaron en contra del nuevo director de nombre Domingo Arreola, pues lo acusan de practicar la santer\u00eda, la brujer\u00eda y el vud\u00fa.<\/p>\n<p>Entrevistado durante la manifestaci\u00f3n, el se\u00f1or Guzm\u00e1n asegur\u00f3 que el asunto radica en que dicha persona ha llevado dichas pr\u00e1cticas a las instituciones donde \u00e9l ha estado como en Catemaco, en el 2022 y en Perote, en el 2024.<\/p>\n<p>&#8220;\u00c9l ha llevado esas cosas, la santer\u00eda a las instituciones y ha involucrado a ni\u00f1os, maestros y a padres de familia. Entonces lo que no queremos es eso&#8221;, se\u00f1al\u00f3.<\/p>\n<p>Por ello, subray\u00f3 que lo que no quieren es que llegue esta persona a tomar el mando de la direcci\u00f3n.<\/p>\n<p>&#8220;Por los antecedentes que ya tiene de brujer\u00eda, santer\u00eda y vud\u00fa. Sobre todo ha involucrado a ni\u00f1os, pap\u00e1s de familia y maestros&#8221;, coment\u00f3.<\/p>\n<p>Incluso, dijo que si se busca en las redes sociales de esta persona, Jos\u00e9 Domingo Arriola, se va a encontrar con mucha informaci\u00f3n &#8220;que hasta le va a dar miedo&#8221;.<\/p>\n<p>Lo m\u00e1s grave, es que, asegur\u00f3, hay una denuncia en su contra porque esp\u00eda a ni\u00f1as y a ni\u00f1os en los ba\u00f1os, &#8220;Pues ah\u00ed s\u00ed ya est\u00e1 grave, mucho m\u00e1s grave el asunto&#8221;.<\/p>\n<p>El entrevistado coment\u00f3 que ya dirigieron oficios a la SEV desde la semana pasada, el d\u00eda viernes.<\/p>\n<p>Por ello, advirti\u00f3 que si las autoridades no lo resuelven, tomar\u00e1n otras medidas como salir a las calles, protestar en la SEV o bloquear calles.<\/p>\n","protected":false},"excerpt":{"rendered":"<p>Dar\u00edo Pale Xalapa, Ver.- Padres de familia de la escuela primaria Vicente Guerrero se manifestaron en contra del nuevo director de nombre Domingo Arreola, pues lo acusan de practicar la santer\u00eda, la brujer\u00eda y el vud\u00fa. Entrevistado durante la manifestaci\u00f3n, el se\u00f1or Guzm\u00e1n asegur\u00f3 que el asunto radica en que dicha persona ha llevado dichas [&hellip;]<\/p>\n","protected":false},"author":2476,"featured_media":70546,"comment_status":"open","ping_status":"open","sticky":false,"template":"","format":"standard","meta":{"_jetpack_memberships_contains_paid_content":false,"footnotes":""},"categories":[3],"tags":[],"class_list":["post-70545","post","type-post","status-publish","format-standard","has-post-thumbnail","hentry","category-xalapa"],"jetpack_featured_media_url":"https:\/\/encuentroinformativo.com.mx\/wp-content\/uploads\/2025\/09\/IMG-20250901-WA0143.jpg","jetpack_sharing_enabled":true,"jetpack_likes_enabled":true,"amp_enabled":true,"_links":{"self":[{"href":"https:\/\/encuentroinformativo.com.mx\/index.php?rest_route=\/wp\/v2\/posts\/70545","targetHints":{"allow":["GET"]}}],"collection":[{"href":"https:\/\/encuentroinformativo.com.mx\/index.php?rest_route=\/wp\/v2\/posts"}],"about":[{"href":"https:\/\/encuentroinformativo.com.mx\/index.php?rest_route=\/wp\/v2\/types\/post"}],"author":[{"embeddable":true,"href":"https:\/\/encuentroinformativo.com.mx\/index.php?rest_route=\/wp\/v2\/users\/2476"}],"replies":[{"embeddable":true,"href":"https:\/\/encuentroinformativo.com.mx\/index.php?rest_route=%2Fwp%2Fv2%2Fcomments&post=70545"}],"version-history":[{"count":1,"href":"https:\/\/encuentroinformativo.com.mx\/index.php?rest_route=\/wp\/v2\/posts\/70545\/revisions"}],"predecessor-version":[{"id":70547,"href":"https:\/\/encuentroinformativo.com.mx\/index.php?rest_route=\/wp\/v2\/posts\/70545\/revisions\/70547"}],"wp:featuredmedia":[{"embeddable":true,"href":"https:\/\/encuentroinformativo.com.mx\/index.php?rest_route=\/wp\/v2\/media\/70546"}],"wp:attachment":[{"href":"https:\/\/encuentroinformativo.com.mx\/index.php?rest_route=%2Fwp%2Fv2%2Fmedia&parent=70545"}],"wp:term":[{"taxonomy":"category","embeddable":true,"href":"https:\/\/encuentroinformativo.com.mx\/index.php?rest_route=%2Fwp%2Fv2%2Fcategories&post=70545"},{"taxonomy":"post_tag","embeddable":true,"href":"https:\/\/encuentroinformativo.com.mx\/index.php?rest_route=%2Fwp%2Fv2%2Ftags&post=70545"}],"curies":[{"name":"wp","href":"https:\/\/api.w.org\/{rel}","templated":true}]}}