{"id":70551,"date":"2025-09-01T14:14:27","date_gmt":"2025-09-01T20:14:27","guid":{"rendered":"https:\/\/encuentroinformativo.com.mx\/?p=70551"},"modified":"2025-09-01T14:14:27","modified_gmt":"2025-09-01T20:14:27","slug":"atendera-samuel-acosta-solicitudes-de-trabajadores-de-limpia-publica","status":"publish","type":"post","link":"https:\/\/encuentroinformativo.com.mx\/?p=70551","title":{"rendered":"Atender\u00e1 Samuel Acosta solicitudes de trabajadores de Limpia P\u00fablica\u00a0"},"content":{"rendered":"<p><strong>Alejandro \u00c1vila<\/strong><\/p>\n<p>Medell\u00edn de Bravo, Ver.- El alcalde electo de Medell\u00edn de Bravo, Samuel Acosta, sostuvo una reuni\u00f3n de trabajo con personal de la Direcci\u00f3n de Limpia P\u00fablica, donde escuch\u00f3 de manera directa las inquietudes, peticiones y problem\u00e1ticas que enfrenta diariamente este importante sector encargado de mantener en \u00f3ptimas condiciones la imagen y la salubridad del municipio.<\/p>\n<p>Durante el encuentro, Acosta destac\u00f3 la relevancia que tiene el trabajo de los recolectores de basura, al se\u00f1alar que son una pieza fundamental para el bienestar de las familias medellinenses.<\/p>\n<p>El alcalde electo expres\u00f3 su agradecimiento al personal por su esfuerzo constante, y refrend\u00f3 su compromiso de realizar un trabajo coordinado y eficiente que mejore las condiciones laborales y fortalezca el servicio de recolecci\u00f3n de residuos en el municipio.<\/p>\n<p>En un gesto de respaldo inmediato, Samuel Acosta entreg\u00f3 guantes de protecci\u00f3n al personal operativo, con el objetivo de contribuir a la seguridad y el cuidado de quienes diariamente realizan estas labores esenciales.<\/p>\n<p>\u201cReconozco el esfuerzo y dedicaci\u00f3n de cada trabajador de Limpia P\u00fablica. Nuestro compromiso es dignificar su labor, mejorar sus condiciones y garantizar que cuenten con las herramientas necesarias para cumplir con su misi\u00f3n. Por la grandeza de Medell\u00edn, trabajaremos juntos para que el municipio luzca limpio y ordenado\u201d, afirm\u00f3 Samuel Acosta.<\/p>\n<p>La reuni\u00f3n forma parte de la agenda de trabajo que el alcalde electo ha emprendido con distintas \u00e1reas operativas del Ayuntamiento, con el prop\u00f3sito de construir una administraci\u00f3n cercana, incluyente y comprometida con atender las necesidades de la ciudadan\u00eda desde la base.<\/p>\n<p>Con estas acciones, Samuel Acosta reafirma su visi\u00f3n de gobierno orientada a escuchar, dialogar y dar soluciones, consolidando as\u00ed el v\u00ednculo con los trabajadores y con toda la comunidad medellinense.<\/p>\n","protected":false},"excerpt":{"rendered":"<p>Alejandro \u00c1vila Medell\u00edn de Bravo, Ver.- El alcalde electo de Medell\u00edn de Bravo, Samuel Acosta, sostuvo una reuni\u00f3n de trabajo con personal de la Direcci\u00f3n de Limpia P\u00fablica, donde escuch\u00f3 de manera directa las inquietudes, peticiones y problem\u00e1ticas que enfrenta diariamente este importante sector encargado de mantener en \u00f3ptimas condiciones la imagen y la salubridad [&hellip;]<\/p>\n","protected":false},"author":2476,"featured_media":70552,"comment_status":"open","ping_status":"open","sticky":false,"template":"","format":"standard","meta":{"_jetpack_memberships_contains_paid_content":false,"footnotes":""},"categories":[2],"tags":[],"class_list":["post-70551","post","type-post","status-publish","format-standard","has-post-thumbnail","hentry","category-estado"],"jetpack_featured_media_url":"https:\/\/encuentroinformativo.com.mx\/wp-content\/uploads\/2025\/09\/IMG-20250901-WA0194.jpg","jetpack_sharing_enabled":true,"jetpack_likes_enabled":true,"amp_enabled":true,"_links":{"self":[{"href":"https:\/\/encuentroinformativo.com.mx\/index.php?rest_route=\/wp\/v2\/posts\/70551","targetHints":{"allow":["GET"]}}],"collection":[{"href":"https:\/\/encuentroinformativo.com.mx\/index.php?rest_route=\/wp\/v2\/posts"}],"about":[{"href":"https:\/\/encuentroinformativo.com.mx\/index.php?rest_route=\/wp\/v2\/types\/post"}],"author":[{"embeddable":true,"href":"https:\/\/encuentroinformativo.com.mx\/index.php?rest_route=\/wp\/v2\/users\/2476"}],"replies":[{"embeddable":true,"href":"https:\/\/encuentroinformativo.com.mx\/index.php?rest_route=%2Fwp%2Fv2%2Fcomments&post=70551"}],"version-history":[{"count":1,"href":"https:\/\/encuentroinformativo.com.mx\/index.php?rest_route=\/wp\/v2\/posts\/70551\/revisions"}],"predecessor-version":[{"id":70553,"href":"https:\/\/encuentroinformativo.com.mx\/index.php?rest_route=\/wp\/v2\/posts\/70551\/revisions\/70553"}],"wp:featuredmedia":[{"embeddable":true,"href":"https:\/\/encuentroinformativo.com.mx\/index.php?rest_route=\/wp\/v2\/media\/70552"}],"wp:attachment":[{"href":"https:\/\/encuentroinformativo.com.mx\/index.php?rest_route=%2Fwp%2Fv2%2Fmedia&parent=70551"}],"wp:term":[{"taxonomy":"category","embeddable":true,"href":"https:\/\/encuentroinformativo.com.mx\/index.php?rest_route=%2Fwp%2Fv2%2Fcategories&post=70551"},{"taxonomy":"post_tag","embeddable":true,"href":"https:\/\/encuentroinformativo.com.mx\/index.php?rest_route=%2Fwp%2Fv2%2Ftags&post=70551"}],"curies":[{"name":"wp","href":"https:\/\/api.w.org\/{rel}","templated":true}]}}