{"id":70557,"date":"2025-09-01T14:24:39","date_gmt":"2025-09-01T20:24:39","guid":{"rendered":"https:\/\/encuentroinformativo.com.mx\/?p=70557"},"modified":"2025-09-01T14:24:39","modified_gmt":"2025-09-01T20:24:39","slug":"exhortan-a-padres-de-familia-para-denunciar-cobro-de-cuotas-escolares","status":"publish","type":"post","link":"https:\/\/encuentroinformativo.com.mx\/?p=70557","title":{"rendered":"Exhortan a padres de familia para denunciar cobro de cuotas escolares"},"content":{"rendered":"<p><strong>Dar\u00edo Pale<\/strong><\/p>\n<p>Xalapa, Ver.- El delegado estatal de la Asociaci\u00f3n Nacional de Padres de Familia (ANPF) Esteban Pablo Rodr\u00edguez hizo un llamado para que con el inicio del ciclo escolar, denuncien el condicionamiento de cuotas, uniformes y compra de \u00fatiles sugeridos.<\/p>\n<p>En el marco del regreso a clases en Veracruz se mantienen atentos a las quejas y situaciones que enfrenten madres y padres de familia, principalmente en torno al condicionamiento de aportaciones econ\u00f3micas o la exigencia de \u00fatiles escolares de determinadas marcas.<\/p>\n<p>El delegado estatal de la ANPF, record\u00f3 que las cuotas escolares no son obligatorias, sino aportaciones voluntarias, por lo que ninguna instituci\u00f3n puede condicionar la inscripci\u00f3n o permanencia de los estudiantes al pago de estas.<\/p>\n<p>Asimismo, se\u00f1al\u00f3 que la Secretar\u00eda de Educaci\u00f3n P\u00fablica (SEP) emite una lista oficial de \u00fatiles escolares que no establece marcas espec\u00edficas ni puntos de venta sugeridos, por lo que en ese sentido, exhort\u00f3 a las familias a comparar precios y realizar compras escalonadas para evitar afectar la econom\u00eda del hogar.<\/p>\n<p>\u201cNosotros no tenemos por qu\u00e9 comprar marcas. Los \u00fatiles deben adquirirse conforme a la lista oficial, sin que nadie obligue a comprar en lugares determinados\u201d, coment\u00f3.<\/p>\n<p>Por lo que la ANPF est\u00e1 disponible para recibir denuncias y acompa\u00f1ar a las familias en la defensa de sus derechos. Para ello, puso a disposici\u00f3n la l\u00ednea telef\u00f3nica 2282-422716, donde se atienden quejas, peticiones y casos de condicionamiento en las escuelas.<\/p>\n<p>Finalmente dio a conocer que, &#8220;es important\u00edsimo que sepan que no est\u00e1n solos, tienen quien los represente en el estado\u201d.<\/p>\n","protected":false},"excerpt":{"rendered":"<p>Dar\u00edo Pale Xalapa, Ver.- El delegado estatal de la Asociaci\u00f3n Nacional de Padres de Familia (ANPF) Esteban Pablo Rodr\u00edguez hizo un llamado para que con el inicio del ciclo escolar, denuncien el condicionamiento de cuotas, uniformes y compra de \u00fatiles sugeridos. En el marco del regreso a clases en Veracruz se mantienen atentos a las [&hellip;]<\/p>\n","protected":false},"author":2476,"featured_media":70558,"comment_status":"open","ping_status":"open","sticky":false,"template":"","format":"standard","meta":{"_jetpack_memberships_contains_paid_content":false,"footnotes":""},"categories":[3],"tags":[],"class_list":["post-70557","post","type-post","status-publish","format-standard","has-post-thumbnail","hentry","category-xalapa"],"jetpack_featured_media_url":"https:\/\/encuentroinformativo.com.mx\/wp-content\/uploads\/2025\/09\/IMG-20250901-WA02402.jpg","jetpack_sharing_enabled":true,"jetpack_likes_enabled":true,"amp_enabled":true,"_links":{"self":[{"href":"https:\/\/encuentroinformativo.com.mx\/index.php?rest_route=\/wp\/v2\/posts\/70557","targetHints":{"allow":["GET"]}}],"collection":[{"href":"https:\/\/encuentroinformativo.com.mx\/index.php?rest_route=\/wp\/v2\/posts"}],"about":[{"href":"https:\/\/encuentroinformativo.com.mx\/index.php?rest_route=\/wp\/v2\/types\/post"}],"author":[{"embeddable":true,"href":"https:\/\/encuentroinformativo.com.mx\/index.php?rest_route=\/wp\/v2\/users\/2476"}],"replies":[{"embeddable":true,"href":"https:\/\/encuentroinformativo.com.mx\/index.php?rest_route=%2Fwp%2Fv2%2Fcomments&post=70557"}],"version-history":[{"count":1,"href":"https:\/\/encuentroinformativo.com.mx\/index.php?rest_route=\/wp\/v2\/posts\/70557\/revisions"}],"predecessor-version":[{"id":70559,"href":"https:\/\/encuentroinformativo.com.mx\/index.php?rest_route=\/wp\/v2\/posts\/70557\/revisions\/70559"}],"wp:featuredmedia":[{"embeddable":true,"href":"https:\/\/encuentroinformativo.com.mx\/index.php?rest_route=\/wp\/v2\/media\/70558"}],"wp:attachment":[{"href":"https:\/\/encuentroinformativo.com.mx\/index.php?rest_route=%2Fwp%2Fv2%2Fmedia&parent=70557"}],"wp:term":[{"taxonomy":"category","embeddable":true,"href":"https:\/\/encuentroinformativo.com.mx\/index.php?rest_route=%2Fwp%2Fv2%2Fcategories&post=70557"},{"taxonomy":"post_tag","embeddable":true,"href":"https:\/\/encuentroinformativo.com.mx\/index.php?rest_route=%2Fwp%2Fv2%2Ftags&post=70557"}],"curies":[{"name":"wp","href":"https:\/\/api.w.org\/{rel}","templated":true}]}}