{"id":70563,"date":"2025-09-01T14:35:22","date_gmt":"2025-09-01T20:35:22","guid":{"rendered":"https:\/\/encuentroinformativo.com.mx\/?p=70563"},"modified":"2025-09-01T14:35:22","modified_gmt":"2025-09-01T20:35:22","slug":"reclaman-destitucion-de-maestra-y-director-en-primaria-de-teocelo","status":"publish","type":"post","link":"https:\/\/encuentroinformativo.com.mx\/?p=70563","title":{"rendered":"Reclaman destituci\u00f3n de maestra y director en primaria de Teocelo"},"content":{"rendered":"<p><strong>Dar\u00edo Pale<\/strong><\/p>\n<p>Xalapa, Ver.- Con la finalidad de exigir la destituci\u00f3n del director y de una maestra, a quienes acusan de maltrato y omisi\u00f3n, los padres y madres de familia de la Escuela primaria \u201cBenito Ju\u00e1rez\u201d de Teocelo tomaron las instalaciones educativas.<\/p>\n<p>Algunos de los manifestantes se\u00f1alaron que la profesora Laura \u201cN\u201d, incurre en constantes actos de maltrato psicol\u00f3gico y verbal en contra de los alumnos. Asimismo, acusan al director del plantel de ser c\u00f3mplice de dichas acciones al omitir su deber de intervenir y solapar la conducta de la docente.<\/p>\n<p>Ante la falta de respuestas por las v\u00edas ordinarias, los padres decidieron ejercer presi\u00f3n tomando el acceso a la escuela durante la ma\u00f1ana de hoy, dieron a conocer que mantendr\u00e1n la medida de fuerza hasta que personal de la Secretar\u00eda de Educaci\u00f3n de Veracruz (SEV) se presente para atender sus demandas de manera formal y se concrete la remoci\u00f3n de ambos funcionarios.<\/p>\n<p>Seg\u00fan reportes, el director abandon\u00f3 el centro educativo sin ofrecer una soluci\u00f3n al conflicto, lo que aument\u00f3 la indignaci\u00f3n de los padres.<\/p>\n<p>Finalmente cabe se\u00f1alar que hasta el momento las autoridades educativas no se han pronunciado oficialmente sobre el caso ni sobre el posible env\u00edo de una comisi\u00f3n para mediar en el conflicto.<\/p>\n","protected":false},"excerpt":{"rendered":"<p>Dar\u00edo Pale Xalapa, Ver.- Con la finalidad de exigir la destituci\u00f3n del director y de una maestra, a quienes acusan de maltrato y omisi\u00f3n, los padres y madres de familia de la Escuela primaria \u201cBenito Ju\u00e1rez\u201d de Teocelo tomaron las instalaciones educativas. Algunos de los manifestantes se\u00f1alaron que la profesora Laura \u201cN\u201d, incurre en constantes [&hellip;]<\/p>\n","protected":false},"author":2476,"featured_media":70564,"comment_status":"open","ping_status":"open","sticky":false,"template":"","format":"standard","meta":{"_jetpack_memberships_contains_paid_content":false,"footnotes":""},"categories":[8],"tags":[],"class_list":["post-70563","post","type-post","status-publish","format-standard","has-post-thumbnail","hentry","category-region"],"jetpack_featured_media_url":"https:\/\/encuentroinformativo.com.mx\/wp-content\/uploads\/2025\/09\/IMG-20250901-WA0207.jpg","jetpack_sharing_enabled":true,"jetpack_likes_enabled":true,"amp_enabled":true,"_links":{"self":[{"href":"https:\/\/encuentroinformativo.com.mx\/index.php?rest_route=\/wp\/v2\/posts\/70563","targetHints":{"allow":["GET"]}}],"collection":[{"href":"https:\/\/encuentroinformativo.com.mx\/index.php?rest_route=\/wp\/v2\/posts"}],"about":[{"href":"https:\/\/encuentroinformativo.com.mx\/index.php?rest_route=\/wp\/v2\/types\/post"}],"author":[{"embeddable":true,"href":"https:\/\/encuentroinformativo.com.mx\/index.php?rest_route=\/wp\/v2\/users\/2476"}],"replies":[{"embeddable":true,"href":"https:\/\/encuentroinformativo.com.mx\/index.php?rest_route=%2Fwp%2Fv2%2Fcomments&post=70563"}],"version-history":[{"count":1,"href":"https:\/\/encuentroinformativo.com.mx\/index.php?rest_route=\/wp\/v2\/posts\/70563\/revisions"}],"predecessor-version":[{"id":70565,"href":"https:\/\/encuentroinformativo.com.mx\/index.php?rest_route=\/wp\/v2\/posts\/70563\/revisions\/70565"}],"wp:featuredmedia":[{"embeddable":true,"href":"https:\/\/encuentroinformativo.com.mx\/index.php?rest_route=\/wp\/v2\/media\/70564"}],"wp:attachment":[{"href":"https:\/\/encuentroinformativo.com.mx\/index.php?rest_route=%2Fwp%2Fv2%2Fmedia&parent=70563"}],"wp:term":[{"taxonomy":"category","embeddable":true,"href":"https:\/\/encuentroinformativo.com.mx\/index.php?rest_route=%2Fwp%2Fv2%2Fcategories&post=70563"},{"taxonomy":"post_tag","embeddable":true,"href":"https:\/\/encuentroinformativo.com.mx\/index.php?rest_route=%2Fwp%2Fv2%2Ftags&post=70563"}],"curies":[{"name":"wp","href":"https:\/\/api.w.org\/{rel}","templated":true}]}}