{"id":70569,"date":"2025-09-01T20:25:59","date_gmt":"2025-09-02T02:25:59","guid":{"rendered":"https:\/\/encuentroinformativo.com.mx\/?p=70569"},"modified":"2025-09-01T20:25:59","modified_gmt":"2025-09-02T02:25:59","slug":"proximo-domingo-la-presidenta-sheinbaum-dara-informe-en-veracruz","status":"publish","type":"post","link":"https:\/\/encuentroinformativo.com.mx\/?p=70569","title":{"rendered":"Pr\u00f3ximo domingo, la presidenta Sheinbaum dar\u00e1 informe en Veracruz"},"content":{"rendered":"<p><strong>Dar\u00edo Pale<\/strong><\/p>\n<p>Xalapa, Ver.- La gobernadora Norma Roc\u00edo Nahle Garc\u00eda calific\u00f3 como un hecho hist\u00f3rico la toma de protesta de jueces y magistrados, quienes fueron elegidos por voto ciudadano.<\/p>\n<p>En lo que se refiere al Poder Judicial dijo que, \u201ces un d\u00eda hist\u00f3rico para Veracruz, es la toma de protesta del Poder Judicial que por primera vez los veracruzanos y veracruzanas eligieron y esto es democracia, felicit\u00f3 al Congreso para la organizaci\u00f3n de este evento, la toma de protesta de magistrados y jueces\u201d.<\/p>\n<p>En otro tema la gobernadora se refiri\u00f3 a la solicitud de protecci\u00f3n que hizo la influencer veracruzana Yeri Cruz Varela, conocida como Yeri Mua, quien denunci\u00f3 amenazas de muerte en redes sociales presuntamente realizadas por seguidores de otro creador de contenido.<\/p>\n<p>\u201cSe la damos, por supuesto, adem\u00e1s es una gran artista\u201d, respondi\u00f3 Nahle al confirmar que el gobierno estatal atender\u00e1 la petici\u00f3n de seguridad.<\/p>\n<p>La influencer pidi\u00f3 a la Fiscal\u00eda General de la Rep\u00fablica investigar los videos en los que se le advierte no acudir a una presentaci\u00f3n programada en Tijuana, Baja California.<\/p>\n<p>Aunque la influencer pidi\u00f3 la intervenci\u00f3n de la FGR, se le pregunt\u00f3 a la mandataria sobre este caso de la veracruzana y afirm\u00f3 que se le podr\u00eda brindar seguridad.<\/p>\n<p>En otro orden de ideas anunci\u00f3 que la presidenta de M\u00e9xico, Claudia Sheinbaum Pardo, visitar\u00e1 Veracruz el pr\u00f3ximo domingo 7 de septiembre para rendir su informe ante la ciudadan\u00eda.<\/p>\n<p>Indic\u00f3 que este acto se llevar\u00e1 a cabo en el World Trade Center de Boca del R\u00edo a las 5 de la tarde.<\/p>\n<p>Finalmente coment\u00f3, \u201cles voy a dar una primicia, el pr\u00f3ximo domingo la presidenta estar\u00e1 en Veracruz dando su informe a los veracruzanos y veracruzanas. Ser\u00e1 a las 5 de la tarde en el World Trade Center de Veracruz\u201d.<\/p>\n","protected":false},"excerpt":{"rendered":"<p>Dar\u00edo Pale Xalapa, Ver.- La gobernadora Norma Roc\u00edo Nahle Garc\u00eda calific\u00f3 como un hecho hist\u00f3rico la toma de protesta de jueces y magistrados, quienes fueron elegidos por voto ciudadano. En lo que se refiere al Poder Judicial dijo que, \u201ces un d\u00eda hist\u00f3rico para Veracruz, es la toma de protesta del Poder Judicial que por [&hellip;]<\/p>\n","protected":false},"author":2476,"featured_media":70570,"comment_status":"open","ping_status":"open","sticky":false,"template":"","format":"standard","meta":{"_jetpack_memberships_contains_paid_content":false,"footnotes":""},"categories":[2],"tags":[],"class_list":["post-70569","post","type-post","status-publish","format-standard","has-post-thumbnail","hentry","category-estado"],"jetpack_featured_media_url":"https:\/\/encuentroinformativo.com.mx\/wp-content\/uploads\/2025\/09\/IMG-20250901-WA03661-scaled.jpg","jetpack_sharing_enabled":true,"jetpack_likes_enabled":true,"amp_enabled":true,"_links":{"self":[{"href":"https:\/\/encuentroinformativo.com.mx\/index.php?rest_route=\/wp\/v2\/posts\/70569","targetHints":{"allow":["GET"]}}],"collection":[{"href":"https:\/\/encuentroinformativo.com.mx\/index.php?rest_route=\/wp\/v2\/posts"}],"about":[{"href":"https:\/\/encuentroinformativo.com.mx\/index.php?rest_route=\/wp\/v2\/types\/post"}],"author":[{"embeddable":true,"href":"https:\/\/encuentroinformativo.com.mx\/index.php?rest_route=\/wp\/v2\/users\/2476"}],"replies":[{"embeddable":true,"href":"https:\/\/encuentroinformativo.com.mx\/index.php?rest_route=%2Fwp%2Fv2%2Fcomments&post=70569"}],"version-history":[{"count":1,"href":"https:\/\/encuentroinformativo.com.mx\/index.php?rest_route=\/wp\/v2\/posts\/70569\/revisions"}],"predecessor-version":[{"id":70571,"href":"https:\/\/encuentroinformativo.com.mx\/index.php?rest_route=\/wp\/v2\/posts\/70569\/revisions\/70571"}],"wp:featuredmedia":[{"embeddable":true,"href":"https:\/\/encuentroinformativo.com.mx\/index.php?rest_route=\/wp\/v2\/media\/70570"}],"wp:attachment":[{"href":"https:\/\/encuentroinformativo.com.mx\/index.php?rest_route=%2Fwp%2Fv2%2Fmedia&parent=70569"}],"wp:term":[{"taxonomy":"category","embeddable":true,"href":"https:\/\/encuentroinformativo.com.mx\/index.php?rest_route=%2Fwp%2Fv2%2Fcategories&post=70569"},{"taxonomy":"post_tag","embeddable":true,"href":"https:\/\/encuentroinformativo.com.mx\/index.php?rest_route=%2Fwp%2Fv2%2Ftags&post=70569"}],"curies":[{"name":"wp","href":"https:\/\/api.w.org\/{rel}","templated":true}]}}