{"id":70572,"date":"2025-09-01T20:36:08","date_gmt":"2025-09-02T02:36:08","guid":{"rendered":"https:\/\/encuentroinformativo.com.mx\/?p=70572"},"modified":"2025-09-01T20:36:08","modified_gmt":"2025-09-02T02:36:08","slug":"habra-atencion-especial-a-pueblos-indigenas-magistrada-rosalba-hernandez","status":"publish","type":"post","link":"https:\/\/encuentroinformativo.com.mx\/?p=70572","title":{"rendered":"Habr\u00e1 atenci\u00f3n especial a Pueblos Ind\u00edgenas: Magistrada Rosalba Hern\u00e1ndez"},"content":{"rendered":"<p><strong>Dar\u00edo Pale<\/strong><\/p>\n<p>Xalapa, Ver.- La magistrada presidenta del Tribunal Superior de Justicia, Rosalba Hern\u00e1ndez Hern\u00e1ndez, sobre su trabajo en la presidencia del Tribunal, dijo que habr\u00e1 especial atenci\u00f3n a los pueblos ind\u00edgenas y que se fortalecer\u00e1n los trabajos que ya se ven\u00edan realizando.<\/p>\n<p>Despu\u00e9s de rendir protesta de ley ante los diputados del Congreso de Veracruz, la magistrada presidenta se\u00f1al\u00f3 que, \u201clo primero que tenemos que llegar a hacer ma\u00f1ana es llegar a trabajar, dar\u00e9 a conocer en breve una propuesta de trabajo para fortalecer acciones que ya se ven\u00edan realizando (\u2026) Evidentemente una de las acciones importante ser\u00e1 la atenci\u00f3n a pueblos y comunidades ind\u00edgenas un acercamiento con la abogac\u00eda veracruzana y varios puntos que en breve les estaremos dando a conocer\u201d.<\/p>\n<p>En otro orden de ideas afirm\u00f3 que analizar\u00e1n el plan de austeridad con el que ven\u00eda trabajando este poder, pero neg\u00f3 que tenga planeado reducir el sueldo de jueces y magistrados y en breve dar\u00e1 a conocer su plan de trabajo y que se analizar\u00e1 el plan de austeridad.<\/p>\n<p>Sin embargo, precis\u00f3 que desde 2020 los integrantes del Poder Judicial de Veracruz se adhirieron al tope salarial en el que se establece que ning\u00fan funcionario p\u00fablico debe ganar m\u00e1s que el Presidente de la Rep\u00fablica.<\/p>\n<p>\u201cLo vamos a revisar a profundidad, incluso ya lo he comentado, alguien dijo que \u00edbamos a bajar sueldos y salarios pero jam\u00e1s dijimos eso, lo aclaro por lo que se\u00f1alaron pero desde el a\u00f1o 2020 nos ajustamos a los planes de austeridad\u201d.<\/p>\n<p>Hern\u00e1ndez Hern\u00e1ndez insisti\u00f3 en que los integrantes del Poder Judicial en Veracruz fueron de los primeros en ajustarse a ese tope salarial.<\/p>\n<p>Finalmente reiter\u00f3, \u201cfuimos de los primeros en ajustarnos a los topes salariales y no rebasamos ese tope y el sueldo de jueces y juezas es modesto\u201d.<\/p>\n","protected":false},"excerpt":{"rendered":"<p>Dar\u00edo Pale Xalapa, Ver.- La magistrada presidenta del Tribunal Superior de Justicia, Rosalba Hern\u00e1ndez Hern\u00e1ndez, sobre su trabajo en la presidencia del Tribunal, dijo que habr\u00e1 especial atenci\u00f3n a los pueblos ind\u00edgenas y que se fortalecer\u00e1n los trabajos que ya se ven\u00edan realizando. Despu\u00e9s de rendir protesta de ley ante los diputados del Congreso de [&hellip;]<\/p>\n","protected":false},"author":2476,"featured_media":70573,"comment_status":"open","ping_status":"open","sticky":false,"template":"","format":"standard","meta":{"_jetpack_memberships_contains_paid_content":false,"footnotes":""},"categories":[2],"tags":[],"class_list":["post-70572","post","type-post","status-publish","format-standard","has-post-thumbnail","hentry","category-estado"],"jetpack_featured_media_url":"https:\/\/encuentroinformativo.com.mx\/wp-content\/uploads\/2025\/09\/IMG-20250901-WA03622.jpg","jetpack_sharing_enabled":true,"jetpack_likes_enabled":true,"amp_enabled":true,"_links":{"self":[{"href":"https:\/\/encuentroinformativo.com.mx\/index.php?rest_route=\/wp\/v2\/posts\/70572","targetHints":{"allow":["GET"]}}],"collection":[{"href":"https:\/\/encuentroinformativo.com.mx\/index.php?rest_route=\/wp\/v2\/posts"}],"about":[{"href":"https:\/\/encuentroinformativo.com.mx\/index.php?rest_route=\/wp\/v2\/types\/post"}],"author":[{"embeddable":true,"href":"https:\/\/encuentroinformativo.com.mx\/index.php?rest_route=\/wp\/v2\/users\/2476"}],"replies":[{"embeddable":true,"href":"https:\/\/encuentroinformativo.com.mx\/index.php?rest_route=%2Fwp%2Fv2%2Fcomments&post=70572"}],"version-history":[{"count":2,"href":"https:\/\/encuentroinformativo.com.mx\/index.php?rest_route=\/wp\/v2\/posts\/70572\/revisions"}],"predecessor-version":[{"id":70575,"href":"https:\/\/encuentroinformativo.com.mx\/index.php?rest_route=\/wp\/v2\/posts\/70572\/revisions\/70575"}],"wp:featuredmedia":[{"embeddable":true,"href":"https:\/\/encuentroinformativo.com.mx\/index.php?rest_route=\/wp\/v2\/media\/70573"}],"wp:attachment":[{"href":"https:\/\/encuentroinformativo.com.mx\/index.php?rest_route=%2Fwp%2Fv2%2Fmedia&parent=70572"}],"wp:term":[{"taxonomy":"category","embeddable":true,"href":"https:\/\/encuentroinformativo.com.mx\/index.php?rest_route=%2Fwp%2Fv2%2Fcategories&post=70572"},{"taxonomy":"post_tag","embeddable":true,"href":"https:\/\/encuentroinformativo.com.mx\/index.php?rest_route=%2Fwp%2Fv2%2Ftags&post=70572"}],"curies":[{"name":"wp","href":"https:\/\/api.w.org\/{rel}","templated":true}]}}