{"id":70587,"date":"2025-09-02T12:34:40","date_gmt":"2025-09-02T18:34:40","guid":{"rendered":"https:\/\/encuentroinformativo.com.mx\/?p=70587"},"modified":"2025-09-02T12:34:40","modified_gmt":"2025-09-02T18:34:40","slug":"protestan-en-la-sev-piden-docentes-para-telesecundaria-en-tepatlaxco","status":"publish","type":"post","link":"https:\/\/encuentroinformativo.com.mx\/?p=70587","title":{"rendered":"Protestan en la SEV, piden docentes para Telesecundaria en Tepatlaxco"},"content":{"rendered":"<p><strong>Dar\u00edo Pale<\/strong><\/p>\n<p>Xalapa, Ver.- Padres de familia de la Escuela Telesecundaria Jos\u00e9 Vasconcelos de la localidad Tenejapa del municipio de Tepatlaxco, tomaron las instalaciones de la Secretar\u00eda de Educaci\u00f3n de Veracruz debido a que desde el ciclo pasado no cuentan con cuatro docentes para los tres grados.<\/p>\n<p>Solicitan docentes frente a grupo, ya que desde el ciclo pasado no cuentan con ellos. Solicitan cuatro docentes para los tres grados, se ven afectados 150 alumnos y el plantel contin\u00faa cerrado desde el d\u00eda de ayer.<\/p>\n<p>\u201cEs que porque nos hacen falta y ya desde el a\u00f1o pasado nos est\u00e1n diciendo que van a ir y van a ir y nunca han llegado tres maestros \u00bfPara qu\u00e9 grupo son?, de secundaria, segundo, tercero, son muchos muchachos, ni\u00f1os, son como 150 ni\u00f1os y hay dos maestros nom\u00e1s\u201d, se\u00f1al\u00f3.<\/p>\n<p>Los ciudadanos pidieron a la secretaria de Educaci\u00f3n de Veracruz, Claudia Tello Espinosa que env\u00ede a los docentes, pues de lo contrario, continuar\u00e1 tomada la escuela y no van a dejar entrar a ning\u00fan alumno.<\/p>\n<p>Piden cuatro docentes para todos los grados de la escuela, pero que sean docentes titulados, pues los que estaban eran interinos.<\/p>\n<p>Por \u00faltimo a decir de los padres de familia, desde hace un a\u00f1o no hay docentes titulares para ning\u00fan nivel escolar.<\/p>\n","protected":false},"excerpt":{"rendered":"<p>Dar\u00edo Pale Xalapa, Ver.- Padres de familia de la Escuela Telesecundaria Jos\u00e9 Vasconcelos de la localidad Tenejapa del municipio de Tepatlaxco, tomaron las instalaciones de la Secretar\u00eda de Educaci\u00f3n de Veracruz debido a que desde el ciclo pasado no cuentan con cuatro docentes para los tres grados. Solicitan docentes frente a grupo, ya que desde [&hellip;]<\/p>\n","protected":false},"author":2476,"featured_media":22143,"comment_status":"open","ping_status":"open","sticky":false,"template":"","format":"standard","meta":{"_jetpack_memberships_contains_paid_content":false,"footnotes":""},"categories":[2],"tags":[],"class_list":["post-70587","post","type-post","status-publish","format-standard","has-post-thumbnail","hentry","category-estado"],"jetpack_featured_media_url":"https:\/\/encuentroinformativo.com.mx\/wp-content\/uploads\/2022\/01\/AD7E54C3-2A80-43F4-9E28-CDFFE89B2046.jpeg","jetpack_sharing_enabled":true,"jetpack_likes_enabled":true,"amp_enabled":true,"_links":{"self":[{"href":"https:\/\/encuentroinformativo.com.mx\/index.php?rest_route=\/wp\/v2\/posts\/70587","targetHints":{"allow":["GET"]}}],"collection":[{"href":"https:\/\/encuentroinformativo.com.mx\/index.php?rest_route=\/wp\/v2\/posts"}],"about":[{"href":"https:\/\/encuentroinformativo.com.mx\/index.php?rest_route=\/wp\/v2\/types\/post"}],"author":[{"embeddable":true,"href":"https:\/\/encuentroinformativo.com.mx\/index.php?rest_route=\/wp\/v2\/users\/2476"}],"replies":[{"embeddable":true,"href":"https:\/\/encuentroinformativo.com.mx\/index.php?rest_route=%2Fwp%2Fv2%2Fcomments&post=70587"}],"version-history":[{"count":1,"href":"https:\/\/encuentroinformativo.com.mx\/index.php?rest_route=\/wp\/v2\/posts\/70587\/revisions"}],"predecessor-version":[{"id":70588,"href":"https:\/\/encuentroinformativo.com.mx\/index.php?rest_route=\/wp\/v2\/posts\/70587\/revisions\/70588"}],"wp:featuredmedia":[{"embeddable":true,"href":"https:\/\/encuentroinformativo.com.mx\/index.php?rest_route=\/wp\/v2\/media\/22143"}],"wp:attachment":[{"href":"https:\/\/encuentroinformativo.com.mx\/index.php?rest_route=%2Fwp%2Fv2%2Fmedia&parent=70587"}],"wp:term":[{"taxonomy":"category","embeddable":true,"href":"https:\/\/encuentroinformativo.com.mx\/index.php?rest_route=%2Fwp%2Fv2%2Fcategories&post=70587"},{"taxonomy":"post_tag","embeddable":true,"href":"https:\/\/encuentroinformativo.com.mx\/index.php?rest_route=%2Fwp%2Fv2%2Ftags&post=70587"}],"curies":[{"name":"wp","href":"https:\/\/api.w.org\/{rel}","templated":true}]}}