{"id":70589,"date":"2025-09-02T12:39:42","date_gmt":"2025-09-02T18:39:42","guid":{"rendered":"https:\/\/encuentroinformativo.com.mx\/?p=70589"},"modified":"2025-09-02T12:39:42","modified_gmt":"2025-09-02T18:39:42","slug":"lesionado-trabajador-del-ayuntamiento-de-veracruz-tras-aparatoso-choque","status":"publish","type":"post","link":"https:\/\/encuentroinformativo.com.mx\/?p=70589","title":{"rendered":"Lesionado trabajador del ayuntamiento de Veracruz tras aparatoso choque"},"content":{"rendered":"<p><strong>Alejandro \u00c1vila<\/strong><\/p>\n<p>Veracruz, Ver.- Un trabajador del Ayuntamiento de Veracruz, presuntamente del \u00e1rea de Mantenimiento Urbano, sufri\u00f3 una fuerte lesi\u00f3n tras caer de una camioneta, producto de un choque en la avenida Cuauht\u00e9moc esquina S\u00e1nchez Tagle.<\/p>\n<p>Los hechos ocurrieron en la ma\u00f1ana de este martes 2 de septiembre, cuando el veh\u00edculo particular MG color rojo con placas YBH-592-C, choc\u00f3 con la camioneta de carga color blanca con placas XK-8732-B, la cual transportaba empleados del Ayuntamiento de Veracruz.<\/p>\n<p>El empleado municipal fue trasladado por param\u00e9dicos de la Cruz Roja a un hospital cercano para brindar mayor informaci\u00f3n sobre su salud, pues se presume podr\u00eda haber tenido una fractura.<\/p>\n<p>Al lugar arribaron elementos de Tr\u00e1nsito Municipal quienes abanderaron el accidente y redujeron la circulaci\u00f3n a un solo carril, mientras los peritos realizaban su labor para deslindar responsabilidades.<\/p>\n<p><img loading=\"lazy\" decoding=\"async\" class=\"aligncenter size-medium wp-image-70591\" src=\"https:\/\/encuentroinformativo.com.mx\/wp-content\/uploads\/2025\/09\/IMG-20250902-WA0163-300x225.jpg\" alt=\"\" width=\"300\" height=\"225\" srcset=\"https:\/\/encuentroinformativo.com.mx\/wp-content\/uploads\/2025\/09\/IMG-20250902-WA0163-300x225.jpg 300w, https:\/\/encuentroinformativo.com.mx\/wp-content\/uploads\/2025\/09\/IMG-20250902-WA0163-1024x768.jpg 1024w, https:\/\/encuentroinformativo.com.mx\/wp-content\/uploads\/2025\/09\/IMG-20250902-WA0163-768x576.jpg 768w, https:\/\/encuentroinformativo.com.mx\/wp-content\/uploads\/2025\/09\/IMG-20250902-WA0163-1536x1152.jpg 1536w, https:\/\/encuentroinformativo.com.mx\/wp-content\/uploads\/2025\/09\/IMG-20250902-WA0163.jpg 1600w\" sizes=\"auto, (max-width: 300px) 100vw, 300px\" \/><\/p>\n","protected":false},"excerpt":{"rendered":"<p>Alejandro \u00c1vila Veracruz, Ver.- Un trabajador del Ayuntamiento de Veracruz, presuntamente del \u00e1rea de Mantenimiento Urbano, sufri\u00f3 una fuerte lesi\u00f3n tras caer de una camioneta, producto de un choque en la avenida Cuauht\u00e9moc esquina S\u00e1nchez Tagle. Los hechos ocurrieron en la ma\u00f1ana de este martes 2 de septiembre, cuando el veh\u00edculo particular MG color rojo [&hellip;]<\/p>\n","protected":false},"author":2476,"featured_media":70590,"comment_status":"open","ping_status":"open","sticky":false,"template":"","format":"standard","meta":{"_jetpack_memberships_contains_paid_content":false,"footnotes":""},"categories":[2],"tags":[],"class_list":["post-70589","post","type-post","status-publish","format-standard","has-post-thumbnail","hentry","category-estado"],"jetpack_featured_media_url":"https:\/\/encuentroinformativo.com.mx\/wp-content\/uploads\/2025\/09\/IMG-20250902-WA0161.jpg","jetpack_sharing_enabled":true,"jetpack_likes_enabled":true,"amp_enabled":true,"_links":{"self":[{"href":"https:\/\/encuentroinformativo.com.mx\/index.php?rest_route=\/wp\/v2\/posts\/70589","targetHints":{"allow":["GET"]}}],"collection":[{"href":"https:\/\/encuentroinformativo.com.mx\/index.php?rest_route=\/wp\/v2\/posts"}],"about":[{"href":"https:\/\/encuentroinformativo.com.mx\/index.php?rest_route=\/wp\/v2\/types\/post"}],"author":[{"embeddable":true,"href":"https:\/\/encuentroinformativo.com.mx\/index.php?rest_route=\/wp\/v2\/users\/2476"}],"replies":[{"embeddable":true,"href":"https:\/\/encuentroinformativo.com.mx\/index.php?rest_route=%2Fwp%2Fv2%2Fcomments&post=70589"}],"version-history":[{"count":1,"href":"https:\/\/encuentroinformativo.com.mx\/index.php?rest_route=\/wp\/v2\/posts\/70589\/revisions"}],"predecessor-version":[{"id":70592,"href":"https:\/\/encuentroinformativo.com.mx\/index.php?rest_route=\/wp\/v2\/posts\/70589\/revisions\/70592"}],"wp:featuredmedia":[{"embeddable":true,"href":"https:\/\/encuentroinformativo.com.mx\/index.php?rest_route=\/wp\/v2\/media\/70590"}],"wp:attachment":[{"href":"https:\/\/encuentroinformativo.com.mx\/index.php?rest_route=%2Fwp%2Fv2%2Fmedia&parent=70589"}],"wp:term":[{"taxonomy":"category","embeddable":true,"href":"https:\/\/encuentroinformativo.com.mx\/index.php?rest_route=%2Fwp%2Fv2%2Fcategories&post=70589"},{"taxonomy":"post_tag","embeddable":true,"href":"https:\/\/encuentroinformativo.com.mx\/index.php?rest_route=%2Fwp%2Fv2%2Ftags&post=70589"}],"curies":[{"name":"wp","href":"https:\/\/api.w.org\/{rel}","templated":true}]}}