{"id":70603,"date":"2025-09-02T19:10:41","date_gmt":"2025-09-03T01:10:41","guid":{"rendered":"https:\/\/encuentroinformativo.com.mx\/?p=70603"},"modified":"2025-09-02T19:10:41","modified_gmt":"2025-09-03T01:10:41","slug":"persisten-problemas-de-limites-territoriales-en-emiliano-zapata-alcalde","status":"publish","type":"post","link":"https:\/\/encuentroinformativo.com.mx\/?p=70603","title":{"rendered":"Persisten problemas de l\u00edmites territoriales en Emiliano Zapata: Alcalde"},"content":{"rendered":"<p><strong>Dar\u00edo Pale<\/strong><\/p>\n<p>Xalapa, Ver.- El municipio enfrenta un conflicto relacionado con los l\u00edmites territoriales, particularmente en un fraccionamiento que el INEGI reconoce administrativamente como parte de la demarcaci\u00f3n, pero que no fue autorizado por el ayuntamiento, as\u00ed lo dio a conocer el alcalde de Emiliano Zapata, Erick Ruiz Hern\u00e1ndez.<\/p>\n<p>Ruiz Hern\u00e1ndez explic\u00f3 que esta situaci\u00f3n ha generado complicaciones en materia de obra p\u00fablica, ya que el municipio solo puede invertir dentro de la poligonal reconocida oficialmente, de lo contrario, podr\u00eda considerarse un posible da\u00f1o patrimonial.<\/p>\n<p>\u201cHemos avanzado de manera responsable, trabajando con las instancias estatales y con el Congreso local, a trav\u00e9s de la Comisi\u00f3n de L\u00edmites Territoriales, para dar certeza a esta situaci\u00f3n\u201d, se\u00f1al\u00f3.<\/p>\n<p>El alcalde destac\u00f3 que, pese a este conflicto, Emiliano Zapata ha mantenido la coordinaci\u00f3n con municipios vecinos y dependencias como la CAEV, a fin de atender problemas derivados de lluvias at\u00edpicas que provocaron socavones y da\u00f1os en la zona.<\/p>\n<p>Actualmente, se ejecutan obras hidr\u00e1ulicas de emergencia para evitar mayores afectaciones.<\/p>\n<p style=\"text-align: left;\">Finalmente, subray\u00f3 que su administraci\u00f3n trabaja en fortalecer el orden interno, con la creaci\u00f3n del archivo municipal, \u00e1rea destinada a resguardar informaci\u00f3n hist\u00f3rica que permita dar seguimiento y sustento a futuros procesos legales y administrativos.<\/p>\n","protected":false},"excerpt":{"rendered":"<p>Dar\u00edo Pale Xalapa, Ver.- El municipio enfrenta un conflicto relacionado con los l\u00edmites territoriales, particularmente en un fraccionamiento que el INEGI reconoce administrativamente como parte de la demarcaci\u00f3n, pero que no fue autorizado por el ayuntamiento, as\u00ed lo dio a conocer el alcalde de Emiliano Zapata, Erick Ruiz Hern\u00e1ndez. Ruiz Hern\u00e1ndez explic\u00f3 que esta situaci\u00f3n [&hellip;]<\/p>\n","protected":false},"author":2476,"featured_media":70604,"comment_status":"open","ping_status":"open","sticky":false,"template":"","format":"standard","meta":{"_jetpack_memberships_contains_paid_content":false,"footnotes":""},"categories":[8],"tags":[],"class_list":["post-70603","post","type-post","status-publish","format-standard","has-post-thumbnail","hentry","category-region"],"jetpack_featured_media_url":"https:\/\/encuentroinformativo.com.mx\/wp-content\/uploads\/2025\/09\/IMG-20250902-WA0235.jpg","jetpack_sharing_enabled":true,"jetpack_likes_enabled":true,"amp_enabled":true,"_links":{"self":[{"href":"https:\/\/encuentroinformativo.com.mx\/index.php?rest_route=\/wp\/v2\/posts\/70603","targetHints":{"allow":["GET"]}}],"collection":[{"href":"https:\/\/encuentroinformativo.com.mx\/index.php?rest_route=\/wp\/v2\/posts"}],"about":[{"href":"https:\/\/encuentroinformativo.com.mx\/index.php?rest_route=\/wp\/v2\/types\/post"}],"author":[{"embeddable":true,"href":"https:\/\/encuentroinformativo.com.mx\/index.php?rest_route=\/wp\/v2\/users\/2476"}],"replies":[{"embeddable":true,"href":"https:\/\/encuentroinformativo.com.mx\/index.php?rest_route=%2Fwp%2Fv2%2Fcomments&post=70603"}],"version-history":[{"count":1,"href":"https:\/\/encuentroinformativo.com.mx\/index.php?rest_route=\/wp\/v2\/posts\/70603\/revisions"}],"predecessor-version":[{"id":70605,"href":"https:\/\/encuentroinformativo.com.mx\/index.php?rest_route=\/wp\/v2\/posts\/70603\/revisions\/70605"}],"wp:featuredmedia":[{"embeddable":true,"href":"https:\/\/encuentroinformativo.com.mx\/index.php?rest_route=\/wp\/v2\/media\/70604"}],"wp:attachment":[{"href":"https:\/\/encuentroinformativo.com.mx\/index.php?rest_route=%2Fwp%2Fv2%2Fmedia&parent=70603"}],"wp:term":[{"taxonomy":"category","embeddable":true,"href":"https:\/\/encuentroinformativo.com.mx\/index.php?rest_route=%2Fwp%2Fv2%2Fcategories&post=70603"},{"taxonomy":"post_tag","embeddable":true,"href":"https:\/\/encuentroinformativo.com.mx\/index.php?rest_route=%2Fwp%2Fv2%2Ftags&post=70603"}],"curies":[{"name":"wp","href":"https:\/\/api.w.org\/{rel}","templated":true}]}}