{"id":70618,"date":"2025-09-03T10:43:08","date_gmt":"2025-09-03T16:43:08","guid":{"rendered":"https:\/\/encuentroinformativo.com.mx\/?p=70618"},"modified":"2025-09-03T10:43:08","modified_gmt":"2025-09-03T16:43:08","slug":"cuotas-no-deben-condicionar-ingreso-de-ninos-a-las-escuelas-claudia-tello","status":"publish","type":"post","link":"https:\/\/encuentroinformativo.com.mx\/?p=70618","title":{"rendered":"Cuotas no deben condicionar ingreso de ni\u00f1os a las escuelas: Claudia Tello"},"content":{"rendered":"<p><strong>Dar\u00edo Pale<\/strong><\/p>\n<p>Xalapa, Ver.- La titular de la Secretar\u00eda de Educaci\u00f3n de Veracruz (SEV), Claudia Tello Espinoza, dio a conocer que \u201cno pueden condicionar la entrada de los ni\u00f1os a la escuela, por ning\u00fan motivo\u201d, esto por las cuotas escolares.<\/p>\n<p>Cuestionada sobre las quejas de la sociedad de los padres de familia de que no regresaran las cuotas escolares se\u00f1al\u00f3, ustedes saben que la educaci\u00f3n es un derecho, no es un privilegio, lo acabamos de decir.<\/p>\n<p>\u201cY bajo este esquema, pues nosotros desde ya meses estamos informando a las escuelas que la educaci\u00f3n es gratuita, entonces tenemos que ir caminando, yo entiendo que es un proceso, pero tenemos que ir hacia all\u00e1, para que no tengan que pagar los ni\u00f1os nada, pero en esta ocasi\u00f3n, y siempre ser\u00e1 que no puede ser una condici\u00f3n, el que ellos entreguen una aportaci\u00f3n, del tipo que sea, para poder entrar a la escuela\u201d, se\u00f1al\u00f3.<\/p>\n<p>\u201cTampoco as\u00ed el tema de los uniformes, nos han llegado informaciones de que tienen por ah\u00ed algunos uniformes en 3,500 pesos, m\u00e1s aparte de cooperaciones, imag\u00ednense las pobres familias que tengan que estar entregando toda esa cantidad de dinero, yo solamente les digo, no pueden condicionar la entrada de los ni\u00f1os a la escuela, por ning\u00fan motivo\u201d, agreg\u00f3.<\/p>\n<p>Dio a conocer que hasta el momento han recibido alrededor de 4 o 5 quejas sobre este tema los cuales est\u00e1n atendiendo, la mayor\u00eda son de Xalapa.<\/p>\n<p>Acerca de la limpieza en escuelas y las mejoras en los inmuebles, detall\u00f3 que ya est\u00e1n las brigadas en diferentes lugares del estado atendiendo los temas de electricidad, de fontaner\u00eda, de impermeabilidad,<\/p>\n<p>&#8220;Pero tambi\u00e9n, por otro lado, se est\u00e1n entregando los materiales a los maestros, el proceso de USICAMM nos retras\u00f3 un poquito los cambios, pero se est\u00e1 haciendo de manera muy puntual de acuerdo al decreto de la presidenta, entonces, van a recibir los maestros la \u00faltima semana de este mes, ya sus \u00f3rdenes de presentaci\u00f3n por Recursos Humanos y van a estar present\u00e1ndose en todas sus escuelas&#8221;, coment\u00f3.<\/p>\n<p>Sobre la protesta en la SEV por parte de padres de familia que piden maestros en una escuela, coment\u00f3 que ya hab\u00eda un maestro, que se le hab\u00eda dado ese lugar, pero no le gust\u00f3, no lleg\u00f3 a dar clases.<\/p>\n<p>&#8220;Entonces, c\u00f3mo es una persona nueva, se retir\u00f3, pero de inmediato nosotros ya ten\u00edamos al otro profesor. Los pap\u00e1s se vinieron a manifestar, se les dio la informaci\u00f3n y no hubo mayor problema&#8221;.<\/p>\n<p>Acerca de si se congelar\u00e1n cuentas de otros tecnol\u00f3gicos como el caso de Xalapa, manifest\u00f3 que &#8220;trae un tema de administraciones anteriores, una deuda, por eso fue la congelaci\u00f3n, pero no es grave para nosotros. La cuenta que tienen para el pago de maestros est\u00e1 liberada&#8221;.<\/p>\n<p>Sobre la protesta en la escuela Vicente Guerrero donde padres de familia acusan a un maestro de practicar en hechicer\u00eda y brujer\u00eda, dijo que trabajan en el tema de la escuela para padres.<\/p>\n<p>&#8220;Ya ahorita avanzamos en la organizaci\u00f3n de las escuelas, estamos ya casi regularizando totalmente a los maestros para que todos est\u00e9n en el lugar que les corresponde. M\u00e9xico nos est\u00e1 apoyando en esto, pero tambi\u00e9n les quiero decir que tenemos que trabajar con los padres.<br \/>\nLa conciencia es muy importante\u201d, inform\u00f3.<\/p>\n<p>\u201cLos pap\u00e1s tienen que ayudar, yo dec\u00eda el d\u00eda de ayer, f\u00edjense, nosotros estuvimos, estos 15 d\u00edas que estuvieron otros de vacaciones, nosotros estuvimos en la secretar\u00eda. \u00bfPor qu\u00e9 los pap\u00e1s no se acercaron y nos dijeron?, \u00bfPor qu\u00e9 no tomaron el tel\u00e9fono y nos llamaron y dijeron, saben qu\u00e9, est\u00e1 pasando esto en esta escuela?\u201d, dijo en entrevista.<\/p>\n<p>Finalmente coment\u00f3 \u201cno, ten\u00edan que esperar el d\u00eda en que los ni\u00f1os llegan a clases para hacerlo, de todos modos, pues el respeto para todos ellos, pero les quiero volver a decir,<br \/>\nexiste una l\u00ednea educativa con la cual se pueden comunicar y r\u00e1pidamente los vamos a atender, 22 88 41 77 00, la l\u00ednea educativa&#8221;.<\/p>\n","protected":false},"excerpt":{"rendered":"<p>Dar\u00edo Pale Xalapa, Ver.- La titular de la Secretar\u00eda de Educaci\u00f3n de Veracruz (SEV), Claudia Tello Espinoza, dio a conocer que \u201cno pueden condicionar la entrada de los ni\u00f1os a la escuela, por ning\u00fan motivo\u201d, esto por las cuotas escolares. Cuestionada sobre las quejas de la sociedad de los padres de familia de que no [&hellip;]<\/p>\n","protected":false},"author":2476,"featured_media":70619,"comment_status":"open","ping_status":"open","sticky":false,"template":"","format":"standard","meta":{"_jetpack_memberships_contains_paid_content":false,"footnotes":""},"categories":[2],"tags":[],"class_list":["post-70618","post","type-post","status-publish","format-standard","has-post-thumbnail","hentry","category-estado"],"jetpack_featured_media_url":"https:\/\/encuentroinformativo.com.mx\/wp-content\/uploads\/2025\/09\/IMG-20250903-WA00652.jpg","jetpack_sharing_enabled":true,"jetpack_likes_enabled":true,"amp_enabled":true,"_links":{"self":[{"href":"https:\/\/encuentroinformativo.com.mx\/index.php?rest_route=\/wp\/v2\/posts\/70618","targetHints":{"allow":["GET"]}}],"collection":[{"href":"https:\/\/encuentroinformativo.com.mx\/index.php?rest_route=\/wp\/v2\/posts"}],"about":[{"href":"https:\/\/encuentroinformativo.com.mx\/index.php?rest_route=\/wp\/v2\/types\/post"}],"author":[{"embeddable":true,"href":"https:\/\/encuentroinformativo.com.mx\/index.php?rest_route=\/wp\/v2\/users\/2476"}],"replies":[{"embeddable":true,"href":"https:\/\/encuentroinformativo.com.mx\/index.php?rest_route=%2Fwp%2Fv2%2Fcomments&post=70618"}],"version-history":[{"count":1,"href":"https:\/\/encuentroinformativo.com.mx\/index.php?rest_route=\/wp\/v2\/posts\/70618\/revisions"}],"predecessor-version":[{"id":70620,"href":"https:\/\/encuentroinformativo.com.mx\/index.php?rest_route=\/wp\/v2\/posts\/70618\/revisions\/70620"}],"wp:featuredmedia":[{"embeddable":true,"href":"https:\/\/encuentroinformativo.com.mx\/index.php?rest_route=\/wp\/v2\/media\/70619"}],"wp:attachment":[{"href":"https:\/\/encuentroinformativo.com.mx\/index.php?rest_route=%2Fwp%2Fv2%2Fmedia&parent=70618"}],"wp:term":[{"taxonomy":"category","embeddable":true,"href":"https:\/\/encuentroinformativo.com.mx\/index.php?rest_route=%2Fwp%2Fv2%2Fcategories&post=70618"},{"taxonomy":"post_tag","embeddable":true,"href":"https:\/\/encuentroinformativo.com.mx\/index.php?rest_route=%2Fwp%2Fv2%2Ftags&post=70618"}],"curies":[{"name":"wp","href":"https:\/\/api.w.org\/{rel}","templated":true}]}}