{"id":70621,"date":"2025-09-03T12:06:01","date_gmt":"2025-09-03T18:06:01","guid":{"rendered":"https:\/\/encuentroinformativo.com.mx\/?p=70621"},"modified":"2025-09-03T12:06:01","modified_gmt":"2025-09-03T18:06:01","slug":"en-octubre-cineteca-veracruz-presentara-cocodrilos-en-el-foro-boca","status":"publish","type":"post","link":"https:\/\/encuentroinformativo.com.mx\/?p=70621","title":{"rendered":"En octubre, Cineteca Veracruz presentar\u00e1 &#8220;Cocodrilos&#8221; en el Foro Boca"},"content":{"rendered":"<p><strong>Alejandro \u00c1vila<\/strong><\/p>\n<p>Veracruz, Ver.- La Cineteca Veracruz A.C. anunci\u00f3 la selecci\u00f3n oficial de la Cuarta Muestra de la Cineteca Veracruz, encuentro que se celebrar\u00e1 del 1 al 4 de octubre en el Foro Boca y del 12 al 16 de Noviembre en Xalapa; una edici\u00f3n muy especial que promete consolidarse como una de las citas cinematogr\u00e1ficas m\u00e1s relevantes del estado.<\/p>\n<p>El festival abrir\u00e1 con la pel\u00edcula Cocodrilos, del director J. Xavier Velasco, inspirada en la novela hom\u00f3nima de la escritora xalape\u00f1a Magali Velasco. Esta obra inaugural<br \/>\nentrelaza literatura y cine para explorar los territorios de la memoria, la violencia y la resistencia, marcando el tono de una muestra que busca provocar reflexi\u00f3n y di\u00e1logo.<\/p>\n<p>En total, cinco categor\u00edas conforman la programaci\u00f3n de este a\u00f1o. El cine de Veracruz reunir\u00e1 m\u00e1s de una docena de miradas que retratan al estado desde distintas perspectivas: desde la memoria art\u00edstica en Emmanuel Cruz, la vida breve de Ricardo Benet, hasta la tradici\u00f3n musical en Fandango en Chinameca de Isaac Kerlow.<\/p>\n<p>La secci\u00f3n de Cortometraje Mexicano presentar\u00e1 trabajos que exploran lo \u00edntimo y lo colectivo, como Enramadas de Romina Ram\u00edrez, que da voz al trabajo sexual, o La tienda de Do\u00f1a Cristi de Vicman Ortigoza, que rescata la vida cotidiana en clave entra\u00f1able.<\/p>\n<p>Por su parte, el Especial de Animaci\u00f3n abrir\u00e1 un espacio a las propuestas m\u00e1s innovadoras, con t\u00edtulos como Jaguar de Leslie Michelle Rivas, inspirado en la cosmogon\u00eda mesoamericana, y Dear seed de Doorim Kim (Corea del Sur), que reflexiona sobre la relaci\u00f3n entre humanidad y naturaleza.<\/p>\n<p>En la categor\u00eda de Largometraje Mexicano, adem\u00e1s de Cocodrilos, se proyectar\u00e1n \u00c1ngeles de Paula Markovitch y 2016, el a\u00f1o de la crisis de Gustavo Vega, pel\u00edculas que dialogan con la memoria social y las heridas del presente.<\/p>\n<p>La ventana Internacional reunir\u00e1 cine diverso y arriesgado, como Water Lilies de Chanho Lee (Corea del Sur), una contemplaci\u00f3n po\u00e9tica del paso del tiempo, y The Ladies Almanack de Daviel Shy (EE.UU.), pieza feminista y experimental que reinterpreta la historia desde otras miradas.<\/p>\n<p>Con esta selecci\u00f3n, la Cuarta Muestra de la Cineteca Veracruz reafirma su esp\u00edritu: ser un espacio de encuentro entre cineastas, p\u00fablicos y territorios, un puente entre lo local y lo global, entre la memoria y las nuevas narrativas.<\/p>\n<p>En los pr\u00f3ximos d\u00edas se dar\u00e1 a conocer la agenda completa de actividades paralelas: charlas, presentaciones editoriales y encuentros con creadores que enriquecer\u00e1n la experiencia de esta fiesta del cine.<\/p>\n<p>La Cineteca Veracruz A.C. es una organizaci\u00f3n independiente dedicada a la difusi\u00f3n, preservaci\u00f3n y exhibici\u00f3n del cine de calidad, nacional e internacional, con el objetivo de fortalecer la cultura cinematogr\u00e1fica en el estado; para mayor informaci\u00f3n en sus redes oficiales Facebook: Cineteca Veracruz, Instagram: cinetecaveracruz<\/p>\n","protected":false},"excerpt":{"rendered":"<p>Alejandro \u00c1vila Veracruz, Ver.- La Cineteca Veracruz A.C. anunci\u00f3 la selecci\u00f3n oficial de la Cuarta Muestra de la Cineteca Veracruz, encuentro que se celebrar\u00e1 del 1 al 4 de octubre en el Foro Boca y del 12 al 16 de Noviembre en Xalapa; una edici\u00f3n muy especial que promete consolidarse como una de las citas [&hellip;]<\/p>\n","protected":false},"author":2476,"featured_media":70622,"comment_status":"open","ping_status":"open","sticky":false,"template":"","format":"standard","meta":{"_jetpack_memberships_contains_paid_content":false,"footnotes":""},"categories":[2],"tags":[],"class_list":["post-70621","post","type-post","status-publish","format-standard","has-post-thumbnail","hentry","category-estado"],"jetpack_featured_media_url":"https:\/\/encuentroinformativo.com.mx\/wp-content\/uploads\/2025\/09\/IMG-20250903-WA0124.jpg","jetpack_sharing_enabled":true,"jetpack_likes_enabled":true,"amp_enabled":true,"_links":{"self":[{"href":"https:\/\/encuentroinformativo.com.mx\/index.php?rest_route=\/wp\/v2\/posts\/70621","targetHints":{"allow":["GET"]}}],"collection":[{"href":"https:\/\/encuentroinformativo.com.mx\/index.php?rest_route=\/wp\/v2\/posts"}],"about":[{"href":"https:\/\/encuentroinformativo.com.mx\/index.php?rest_route=\/wp\/v2\/types\/post"}],"author":[{"embeddable":true,"href":"https:\/\/encuentroinformativo.com.mx\/index.php?rest_route=\/wp\/v2\/users\/2476"}],"replies":[{"embeddable":true,"href":"https:\/\/encuentroinformativo.com.mx\/index.php?rest_route=%2Fwp%2Fv2%2Fcomments&post=70621"}],"version-history":[{"count":2,"href":"https:\/\/encuentroinformativo.com.mx\/index.php?rest_route=\/wp\/v2\/posts\/70621\/revisions"}],"predecessor-version":[{"id":70624,"href":"https:\/\/encuentroinformativo.com.mx\/index.php?rest_route=\/wp\/v2\/posts\/70621\/revisions\/70624"}],"wp:featuredmedia":[{"embeddable":true,"href":"https:\/\/encuentroinformativo.com.mx\/index.php?rest_route=\/wp\/v2\/media\/70622"}],"wp:attachment":[{"href":"https:\/\/encuentroinformativo.com.mx\/index.php?rest_route=%2Fwp%2Fv2%2Fmedia&parent=70621"}],"wp:term":[{"taxonomy":"category","embeddable":true,"href":"https:\/\/encuentroinformativo.com.mx\/index.php?rest_route=%2Fwp%2Fv2%2Fcategories&post=70621"},{"taxonomy":"post_tag","embeddable":true,"href":"https:\/\/encuentroinformativo.com.mx\/index.php?rest_route=%2Fwp%2Fv2%2Ftags&post=70621"}],"curies":[{"name":"wp","href":"https:\/\/api.w.org\/{rel}","templated":true}]}}