{"id":70625,"date":"2025-09-03T12:18:01","date_gmt":"2025-09-03T18:18:01","guid":{"rendered":"https:\/\/encuentroinformativo.com.mx\/?p=70625"},"modified":"2025-09-03T12:18:01","modified_gmt":"2025-09-03T18:18:01","slug":"todos-los-estados-trabajan-para-atender-tema-de-desaparicion-forzada-gobernadora","status":"publish","type":"post","link":"https:\/\/encuentroinformativo.com.mx\/?p=70625","title":{"rendered":"Todos los Estados trabajan para atender tema de desaparici\u00f3n forzada: Gobernadora"},"content":{"rendered":"<p><strong>Dar\u00edo Pale<\/strong><\/p>\n<p>Xalapa, Ver.- La gobernadora Norma Roc\u00edo Nahle Garc\u00eda dio a conocer que el tema de la desaparici\u00f3n forzada lo vienen cargando desde hace d\u00e9cadas por lo que le est\u00e1n poniendo a todos los estados a disposici\u00f3n la normativa para los servicios de identificaci\u00f3n.<\/p>\n<p>Se\u00f1al\u00f3 que, el tema de la desaparici\u00f3n forzada, \u201ces un tema que se viene cargado de d\u00e9cadas atr\u00e1s, tambi\u00e9n se nos est\u00e1 poniendo a todos los estados pues a la a disposici\u00f3n la normativa para los servicios de identificaci\u00f3n, sobre todo pues identificaci\u00f3n de cad\u00e1veres, de restos sociales, nosotros en Veracruz hemos estado trabajando con esto con las fiscal\u00edas, vamos, afortunadamente se inici\u00f3 los trabajos y vamos a cumplir en tiempo y forma de acuerdo a lo que yo vi la fecha que nos plantearon\u201d.<\/p>\n<p>\u201cEntonces son muy profundos los acuerdos donde la inteligencia, centros de inteligencia para detectar c\u00e9lulas criminales, c\u00e9lulas delincuenciales y el aumento de alg\u00fan tema que me gust\u00f3 fue el gran aumento de efectivos de polic\u00eda\u201d, se\u00f1al\u00f3.<\/p>\n<p>Dijo que es algo que la mayor\u00eda de los estados han estado trabajando y est\u00e1n totalmente de acuerdo, fue una reuni\u00f3n muy importante donde la Federaci\u00f3n pues marca una estrategia nacional porque cada estado pues se acomoda con sus propios recursos, como puede, pero esa estrategia debe de ser coordinada con la Federaci\u00f3n para poder abarcar toda la Rep\u00fablica Mexicana.<\/p>\n<p>\u201cMostraron, por supuesto, pues los \u00edndices a la baja como en 10 meses pr\u00e1cticamente de 10, 11 meses del gobierno de la presidenta, pues ha tenido logros sustanciales muy importantes. atacando directamente el problema, cero impunidad. Porque esto debe de quedar claro. Se trabaja y es cero impunidad\u201d, coment\u00f3.<\/p>\n<p>Inform\u00f3 que en el estado se va a incrementar el n\u00famero de efectivos ya que as\u00ed se los est\u00e1 solicitando el secretariado ya que es necesario, \u201cestamos aumentando esta primera quincena de septiembre que tendr\u00e1n un aumento del salario todos los polic\u00edas estatales y tr\u00e1nsitos del Estado\u201d.<\/p>\n<p>\u201cEso ya lo ven\u00edamos trabajando con SEFIPLAN en otorgarle equipo, capacitaci\u00f3n y por eso pidieron que todos los estados tengan sus escuelas de polic\u00eda donde el secretariado enviar\u00e1 maestros o instructores para la capacitaci\u00f3n\u201d, inform\u00f3.<\/p>\n<p>\u201cNosotros tenemos escuela de polic\u00eda en Xalapa, tiene buena certificaci\u00f3n, sin embargo, yo acept\u00e9 que la certificaci\u00f3n que nuevamente nos eval\u00faen en la certificaci\u00f3n de acuerdo a los nuevos est\u00e1ndares y si no se cumple, pues que nos den los requisitos, pero tenemos que cumplir seremos efectivos, pues que sean garantes de la seguridad de todos los veracruzanos y veracruzanas\u201d, agreg\u00f3.<\/p>\n<p>Se\u00f1al\u00f3 que en la zona norte del estado donde han salido temas muy fuertes se ha aumentado la presencia de la Guardia Nacional considerablemente y ah\u00ed est\u00e1n presentes.<\/p>\n<p>Tambi\u00e9n viene la homologaci\u00f3n de leyes, les dieron la lista de las leyes que ya se aprobaron en el Congreso y que han pasado a los congresos locales para homologar, las leyes de procuraci\u00f3n de justicia, de fiscal\u00edas y dem\u00e1s y en ese contexto est\u00e1 trabajando tambi\u00e9n el gobierno del estado, el congreso del estado.<\/p>\n<p>El d\u00eda de ayer hablando con el secretario de gobierno Ricardo Ahued Bardahuil, quien es el encargado de parte del ejecutivo de hacer las revisiones y \u201ctrabajaron en una mesa con el congreso del estado me dec\u00eda de todas las leyes que ya vamos muy avanzados para homologar y esperamos que en estos primeros meses salgamos con esa con esa homologaci\u00f3n\u201d.<\/p>\n<p>Finalmente en lo que se refiere a los nuevos jueces y magistrados dijo que, \u201cesperemos buenos resultados, segura estoy que as\u00ed ser\u00e1 y vamos a trabajar en forma coordinada porque somos independientes, el poder ejecutivo, legislativo y el judicial, pero la independencia no quiere decir descoordinaci\u00f3n, no, pues el pueblo requiere eficiencia, que su gobierno trabaje en forma eficiente. Entonces tenemos que coordinarnos y s\u00ed, con la magistrada Rosalba y con todo con todo el poder judicial. Hay di\u00e1logo, hay respeto y vamos a apoyar, en todos sentidos vamos a estar apoyando porque nos debemos y estamos para servirle a la ciudadan\u00eda\u201d.<\/p>\n","protected":false},"excerpt":{"rendered":"<p>Dar\u00edo Pale Xalapa, Ver.- La gobernadora Norma Roc\u00edo Nahle Garc\u00eda dio a conocer que el tema de la desaparici\u00f3n forzada lo vienen cargando desde hace d\u00e9cadas por lo que le est\u00e1n poniendo a todos los estados a disposici\u00f3n la normativa para los servicios de identificaci\u00f3n. Se\u00f1al\u00f3 que, el tema de la desaparici\u00f3n forzada, \u201ces un [&hellip;]<\/p>\n","protected":false},"author":2476,"featured_media":70626,"comment_status":"open","ping_status":"open","sticky":false,"template":"","format":"standard","meta":{"_jetpack_memberships_contains_paid_content":false,"footnotes":""},"categories":[2],"tags":[],"class_list":["post-70625","post","type-post","status-publish","format-standard","has-post-thumbnail","hentry","category-estado"],"jetpack_featured_media_url":"https:\/\/encuentroinformativo.com.mx\/wp-content\/uploads\/2025\/09\/IMG-20250903-WA01222.jpg","jetpack_sharing_enabled":true,"jetpack_likes_enabled":true,"amp_enabled":true,"_links":{"self":[{"href":"https:\/\/encuentroinformativo.com.mx\/index.php?rest_route=\/wp\/v2\/posts\/70625","targetHints":{"allow":["GET"]}}],"collection":[{"href":"https:\/\/encuentroinformativo.com.mx\/index.php?rest_route=\/wp\/v2\/posts"}],"about":[{"href":"https:\/\/encuentroinformativo.com.mx\/index.php?rest_route=\/wp\/v2\/types\/post"}],"author":[{"embeddable":true,"href":"https:\/\/encuentroinformativo.com.mx\/index.php?rest_route=\/wp\/v2\/users\/2476"}],"replies":[{"embeddable":true,"href":"https:\/\/encuentroinformativo.com.mx\/index.php?rest_route=%2Fwp%2Fv2%2Fcomments&post=70625"}],"version-history":[{"count":1,"href":"https:\/\/encuentroinformativo.com.mx\/index.php?rest_route=\/wp\/v2\/posts\/70625\/revisions"}],"predecessor-version":[{"id":70627,"href":"https:\/\/encuentroinformativo.com.mx\/index.php?rest_route=\/wp\/v2\/posts\/70625\/revisions\/70627"}],"wp:featuredmedia":[{"embeddable":true,"href":"https:\/\/encuentroinformativo.com.mx\/index.php?rest_route=\/wp\/v2\/media\/70626"}],"wp:attachment":[{"href":"https:\/\/encuentroinformativo.com.mx\/index.php?rest_route=%2Fwp%2Fv2%2Fmedia&parent=70625"}],"wp:term":[{"taxonomy":"category","embeddable":true,"href":"https:\/\/encuentroinformativo.com.mx\/index.php?rest_route=%2Fwp%2Fv2%2Fcategories&post=70625"},{"taxonomy":"post_tag","embeddable":true,"href":"https:\/\/encuentroinformativo.com.mx\/index.php?rest_route=%2Fwp%2Fv2%2Ftags&post=70625"}],"curies":[{"name":"wp","href":"https:\/\/api.w.org\/{rel}","templated":true}]}}