{"id":7063,"date":"2020-10-19T14:57:51","date_gmt":"2020-10-19T19:57:51","guid":{"rendered":"https:\/\/encuentroinformativo.com.mx\/?p=7063"},"modified":"2020-10-19T14:57:54","modified_gmt":"2020-10-19T19:57:54","slug":"niega-gobernador-presuntos-secuestros-en-los-tuxtlas","status":"publish","type":"post","link":"https:\/\/encuentroinformativo.com.mx\/?p=7063","title":{"rendered":"Niega gobernador presuntos secuestros en Los Tuxtlas"},"content":{"rendered":"\n<p><strong>Dar\u00edo Pale <\/strong><\/p>\n\n\n\n<p>Xalapa, Ver.- El secuestro del\u00a0pol\u00edtico veracruzano Nemesio Dom\u00ednguez Dom\u00ednguez fue una noticia falsa as\u00ed lo se\u00f1al\u00f3 el\u00a0gobernador Cuitl\u00e1huac Garc\u00eda Jim\u00e9nez, desminti\u00f3 que haya sido secuestrado en su parcela en el municipio de Santiago Tuxtla.<\/p>\n\n\n\n<p>Entrevistado en conocido caf\u00e9 de la calle de Zaragoza dio a conocer que,\u00a0&#8220;fue una noticia totalmente falsa, no s\u00e9 por qu\u00e9 los medios le dieron tanto auge, porque ni siquiera la familia, ni \u00e9l mismo hab\u00edan reportado el secuestro&#8221;.<\/p>\n\n\n\n<p>El mandatario estatal pidi\u00f3 a algunos medios que no lastimen a las familias con noticias falsas, desconoci\u00f3 la intenci\u00f3n de las publicaciones que dieron a conocer el secuestro y la liberaci\u00f3n del exdiputado local,\u00a0&#8220;ni la familia ni \u00e9l hab\u00edan dado nota de eso. Fue algo totalmente falso&#8221;.<\/p>\n\n\n\n<p>En otro orden de ideas, respecto del presunto secuestro del hermano del vocero de la Arquidi\u00f3cesis de Xalapa, Jos\u00e9 Manuel Suazo Reyes, Perfecto Suazo Reyes, el Gobernador defini\u00f3 que primero se deben interponer las denuncias correspondientes,\u00a0&#8220;en caso de secuestro, cuando la reciben no lo hacen del conocimiento p\u00fablico&#8221;.<\/p>\n\n\n\n<p>Con base en una columna de un peri\u00f3dico del puerto de Veracruz, el hermano del vocero habr\u00eda sido secuestrado el jueves de la semana pasada en Tecama, en la zona centro, en su rancho, dicha\u00a0columna pol\u00edtica afirma que se llev\u00f3 a cabo una movilizaci\u00f3n policiaca y hasta sobrevuelos por parte de la Secretar\u00eda de Seguridad P\u00fablica para localizarlo.<\/p>\n\n\n\n<p><strong>Caso Jes\u00fas Carranza <\/strong><br>En lo que corresponde al tema de la seguridad, inform\u00f3 que el homicidio del comandante municipal de Jes\u00fas Carranza, as\u00ed como de otras cinco personas que aparecieron en los l\u00edmites entre Oaxaca y Veracruz, est\u00e1n relacionados con el robo de gasolina o huachicol y con delitos relacionados con el trasiego de drogas.<\/p>\n\n\n\n<p>Asegur\u00f3 que ambos hechos est\u00e1n relacionados y defini\u00f3 que la Fiscal\u00eda General de la Rep\u00fablica (FGR) podr\u00eda atraer el caso,\u00a0&#8220;por los homicidios entra la Fiscal\u00eda General del Estado, de ambos estados, pero por el tema del huachicol, el delegado de la Fiscal\u00eda General de la Rep\u00fablica, esperara para que la fiscal\u00eda le d\u00e9 vista en caso de que se compruebe alg\u00fan otro delito fuera del delito&#8221;.<\/p>\n\n\n\n<p>Expuso que independientemente de que se haya presentado en uno u otro lado de Oaxaca y Veracruz, existe un convenio de colaboraci\u00f3n con el que se busca precisamente que los presuntos delincuentes no evadan la acci\u00f3n de la justicia de ninguna de las dos entidades.<\/p>\n\n\n\n<p>Hay que recordar que los cuerpos de cuatro hombres y una mujer fueron localizados durante la ma\u00f1ana del domingo en los l\u00edmites de Veracruz con Oaxaca, el\u00a0hallazgo ocurri\u00f3 a la altura del municipio de Jes\u00fas Carranza, cerca de la comunidad de Para\u00edso, municipio de Mat\u00edas Romero.<\/p>\n\n\n\n<p>En tanto que, el s\u00e1bado fue asesinado a balazos el comandante de la Polic\u00eda Municipal de Jes\u00fas Carranza, Jaime Cervantes Milagro, sobre la carretera Costera del Golfo.\u00a0<\/p>\n","protected":false},"excerpt":{"rendered":"<p>Dar\u00edo Pale Xalapa, Ver.- El secuestro del\u00a0pol\u00edtico veracruzano Nemesio Dom\u00ednguez Dom\u00ednguez fue una noticia falsa as\u00ed lo se\u00f1al\u00f3 el\u00a0gobernador Cuitl\u00e1huac Garc\u00eda Jim\u00e9nez, desminti\u00f3 que haya sido secuestrado en su parcela en el municipio de Santiago Tuxtla. Entrevistado en conocido caf\u00e9 de la calle de Zaragoza dio a conocer que,\u00a0&#8220;fue una noticia totalmente falsa, no s\u00e9 [&hellip;]<\/p>\n","protected":false},"author":1,"featured_media":7064,"comment_status":"open","ping_status":"open","sticky":false,"template":"","format":"standard","meta":{"_jetpack_memberships_contains_paid_content":false,"footnotes":""},"categories":[2],"tags":[],"class_list":["post-7063","post","type-post","status-publish","format-standard","has-post-thumbnail","hentry","category-estado"],"jetpack_featured_media_url":"https:\/\/encuentroinformativo.com.mx\/wp-content\/uploads\/2020\/10\/37D122F3-9B03-4AFB-A61E-6FD114E77184.jpeg","jetpack_sharing_enabled":true,"jetpack_likes_enabled":true,"amp_enabled":true,"_links":{"self":[{"href":"https:\/\/encuentroinformativo.com.mx\/index.php?rest_route=\/wp\/v2\/posts\/7063","targetHints":{"allow":["GET"]}}],"collection":[{"href":"https:\/\/encuentroinformativo.com.mx\/index.php?rest_route=\/wp\/v2\/posts"}],"about":[{"href":"https:\/\/encuentroinformativo.com.mx\/index.php?rest_route=\/wp\/v2\/types\/post"}],"author":[{"embeddable":true,"href":"https:\/\/encuentroinformativo.com.mx\/index.php?rest_route=\/wp\/v2\/users\/1"}],"replies":[{"embeddable":true,"href":"https:\/\/encuentroinformativo.com.mx\/index.php?rest_route=%2Fwp%2Fv2%2Fcomments&post=7063"}],"version-history":[{"count":1,"href":"https:\/\/encuentroinformativo.com.mx\/index.php?rest_route=\/wp\/v2\/posts\/7063\/revisions"}],"predecessor-version":[{"id":7065,"href":"https:\/\/encuentroinformativo.com.mx\/index.php?rest_route=\/wp\/v2\/posts\/7063\/revisions\/7065"}],"wp:featuredmedia":[{"embeddable":true,"href":"https:\/\/encuentroinformativo.com.mx\/index.php?rest_route=\/wp\/v2\/media\/7064"}],"wp:attachment":[{"href":"https:\/\/encuentroinformativo.com.mx\/index.php?rest_route=%2Fwp%2Fv2%2Fmedia&parent=7063"}],"wp:term":[{"taxonomy":"category","embeddable":true,"href":"https:\/\/encuentroinformativo.com.mx\/index.php?rest_route=%2Fwp%2Fv2%2Fcategories&post=7063"},{"taxonomy":"post_tag","embeddable":true,"href":"https:\/\/encuentroinformativo.com.mx\/index.php?rest_route=%2Fwp%2Fv2%2Ftags&post=7063"}],"curies":[{"name":"wp","href":"https:\/\/api.w.org\/{rel}","templated":true}]}}