{"id":70631,"date":"2025-09-03T13:55:26","date_gmt":"2025-09-03T19:55:26","guid":{"rendered":"https:\/\/encuentroinformativo.com.mx\/?p=70631"},"modified":"2025-09-03T13:55:26","modified_gmt":"2025-09-03T19:55:26","slug":"universidad-veracruzana-trabaja-con-normalidad-afirma-martin-aguilar","status":"publish","type":"post","link":"https:\/\/encuentroinformativo.com.mx\/?p=70631","title":{"rendered":"Universidad Veracruzana trabaja con normalidad, afirma Mart\u00edn Aguilar"},"content":{"rendered":"<p><strong>Dar\u00edo Pale<\/strong><\/p>\n<p>Xalapa, Ver.- El rector de la Universidad Veracruzana (UV), Mart\u00edn Aguilar S\u00e1nchez inform\u00f3 que el sexto amparo que se hab\u00eda interpuesto contra su pr\u00f3rroga y la convocatoria, se neg\u00f3 la suspensi\u00f3n definitiva, adem\u00e1s de negar que se encuentre en la ilegalidad.<\/p>\n<p>&#8220;Vamos a esperar la continuidad de los procesos, pero en general estamos muy bien. Estamos trabajando en la propuesta y proyecto que tenemos en nuestro segundo periodo&#8221;, indic\u00f3.<\/p>\n<p>Asimismo, precis\u00f3 que oficialmente e institucionalmente trabajan de manera normal, &#8220;no hay ning\u00fan problema en cuanto a legalidad&#8221;.<\/p>\n<p>Por ello, reiter\u00f3 que a seis amparos interpuestos se les neg\u00f3 la suspensi\u00f3n definitiva y el proceso sigue.<\/p>\n<p>Sobre las posturas de los ex rectores, indic\u00f3 que tuvieron su momento e hicieron cosas positivas, &#8220;hay que reconocer eso, pero lo que no se puede hacer y no se debe reconocer es que est\u00e9n tratando de generar inestabilidad en la Universidad, que no lo han logrado ni lo lograr\u00e1n&#8221;.<\/p>\n<p>Por ello, hizo un llamado a la unidad, a que se trabaje por una cultura de paz y de no violencia.<\/p>\n<p>Con respecto al n\u00famero de estudiantes de nuevo ingreso indic\u00f3 que fueron alrededor de 19 mil.<\/p>\n<p>&#8220;Sobre la ampliaci\u00f3n de la matr\u00edcula, este primer per\u00edodo ofrecimos casi 3 mil 500 espacios m\u00e1s y en este segundo periodo queremos llegar a la meta de m\u00e1s de 7 mil estudiantes m\u00e1s&#8221;, apunt\u00f3.<\/p>\n<p>Por ello, dijo que aquellos que no pudieron entrar, la UV tiene un acuerdo con la SEV para que se canalicen a diferentes instancias de educaci\u00f3n superior, &#8220;es un porcentaje alto los que se integran&#8221;.<\/p>\n<p>Adem\u00e1s dijo que s\u00ed hay infraestructura, adem\u00e1s de que se crecer\u00e1 en el \u00e1mbito virtual e h\u00edbridos y que el 18 de septiembre iniciar\u00e1n los di\u00e1logos universitarios.<\/p>\n<p>&#8220;Yo respeto todas las expresiones y los movimientos, es m\u00e1s un movimiento m\u00e1s medi\u00e1tico y hacemos un llamado para que los estudiantes no se les presione&#8221;.<\/p>\n<p>Finalmente con respecto al presupuesto, conf\u00edo en que tenga una cantidad m\u00e1s significativa.<\/p>\n","protected":false},"excerpt":{"rendered":"<p>Dar\u00edo Pale Xalapa, Ver.- El rector de la Universidad Veracruzana (UV), Mart\u00edn Aguilar S\u00e1nchez inform\u00f3 que el sexto amparo que se hab\u00eda interpuesto contra su pr\u00f3rroga y la convocatoria, se neg\u00f3 la suspensi\u00f3n definitiva, adem\u00e1s de negar que se encuentre en la ilegalidad. &#8220;Vamos a esperar la continuidad de los procesos, pero en general estamos [&hellip;]<\/p>\n","protected":false},"author":2476,"featured_media":70632,"comment_status":"open","ping_status":"open","sticky":false,"template":"","format":"standard","meta":{"_jetpack_memberships_contains_paid_content":false,"footnotes":""},"categories":[2],"tags":[],"class_list":["post-70631","post","type-post","status-publish","format-standard","has-post-thumbnail","hentry","category-estado"],"jetpack_featured_media_url":"https:\/\/encuentroinformativo.com.mx\/wp-content\/uploads\/2025\/09\/IMG-20250903-WA0139.jpg","jetpack_sharing_enabled":true,"jetpack_likes_enabled":true,"amp_enabled":true,"_links":{"self":[{"href":"https:\/\/encuentroinformativo.com.mx\/index.php?rest_route=\/wp\/v2\/posts\/70631","targetHints":{"allow":["GET"]}}],"collection":[{"href":"https:\/\/encuentroinformativo.com.mx\/index.php?rest_route=\/wp\/v2\/posts"}],"about":[{"href":"https:\/\/encuentroinformativo.com.mx\/index.php?rest_route=\/wp\/v2\/types\/post"}],"author":[{"embeddable":true,"href":"https:\/\/encuentroinformativo.com.mx\/index.php?rest_route=\/wp\/v2\/users\/2476"}],"replies":[{"embeddable":true,"href":"https:\/\/encuentroinformativo.com.mx\/index.php?rest_route=%2Fwp%2Fv2%2Fcomments&post=70631"}],"version-history":[{"count":1,"href":"https:\/\/encuentroinformativo.com.mx\/index.php?rest_route=\/wp\/v2\/posts\/70631\/revisions"}],"predecessor-version":[{"id":70633,"href":"https:\/\/encuentroinformativo.com.mx\/index.php?rest_route=\/wp\/v2\/posts\/70631\/revisions\/70633"}],"wp:featuredmedia":[{"embeddable":true,"href":"https:\/\/encuentroinformativo.com.mx\/index.php?rest_route=\/wp\/v2\/media\/70632"}],"wp:attachment":[{"href":"https:\/\/encuentroinformativo.com.mx\/index.php?rest_route=%2Fwp%2Fv2%2Fmedia&parent=70631"}],"wp:term":[{"taxonomy":"category","embeddable":true,"href":"https:\/\/encuentroinformativo.com.mx\/index.php?rest_route=%2Fwp%2Fv2%2Fcategories&post=70631"},{"taxonomy":"post_tag","embeddable":true,"href":"https:\/\/encuentroinformativo.com.mx\/index.php?rest_route=%2Fwp%2Fv2%2Ftags&post=70631"}],"curies":[{"name":"wp","href":"https:\/\/api.w.org\/{rel}","templated":true}]}}