{"id":70634,"date":"2025-09-03T14:03:25","date_gmt":"2025-09-03T20:03:25","guid":{"rendered":"https:\/\/encuentroinformativo.com.mx\/?p=70634"},"modified":"2025-09-03T14:03:25","modified_gmt":"2025-09-03T20:03:25","slug":"veracruz-en-primeros-lugares-de-analfabetismo","status":"publish","type":"post","link":"https:\/\/encuentroinformativo.com.mx\/?p=70634","title":{"rendered":"Veracruz en primeros lugares de analfabetismo"},"content":{"rendered":"<p><strong>Dar\u00edo Pale<\/strong><\/p>\n<p>Xalapa, Ver.- La directora general del Instituto Veracruzano de Educaci\u00f3n para los Adultos (IVEA), Claudia Aguilar Reyes, dio a conocer que Veracruz es el estado donde hay m\u00e1s analfabetismo, en el territorio existen 476 mil 591 personas en esta condici\u00f3n.<\/p>\n<p>Veracruz es el estado que m\u00e1s analfabetismo &#8220;de acuerdo a las estimaciones de INEGI al 2024, tenemos 476 mil 591 personas en esta condici\u00f3n y en tema porcentual por la cantidad de personas que hay en el estado de Veracruz ocupamos el cuarto lugar&#8221;.<\/p>\n<p>Por ello, subray\u00f3 que para disminuir las cifras se trabaja con la sociedad y con todos los niveles de gobierno, incluidos los ayuntamientos, la meta que se tiene para alfabetizar este a\u00f1o es de 8 mil personas.<\/p>\n<p>&#8220;En estos 8 meses trabajamos con 16 municipios y en los primeros 100 d\u00edas se alcanz\u00f3 a reducir a menos del 4 por ciento el \u00edndice de analfabetismo en 10 municipios. Posteriormente sali\u00f3 otro municipio&#8221;, destac\u00f3.<\/p>\n<p>Los municipios con mayor \u00edndice de analfabetismo, donde hay mayor cantidad de personas en esta condici\u00f3n son San Andr\u00e9s Tuxtla, puerto de Veracruz, Papantla y Xalapa, donde las edades van desde los 15 hasta m\u00e1s de 100 a\u00f1os.<\/p>\n<p>Finalmente dijo que en el caso donde se levant\u00f3 bandera blanca de alfabetizaci\u00f3n son Naranjos Amatl\u00e1n, Pueblo Viejo, Cerro Azul, Landero y Coss, Apazapan, Tuxtilla, Tlacotepec de Mej\u00eda, La Antigua, entre otros.<\/p>\n","protected":false},"excerpt":{"rendered":"<p>Dar\u00edo Pale Xalapa, Ver.- La directora general del Instituto Veracruzano de Educaci\u00f3n para los Adultos (IVEA), Claudia Aguilar Reyes, dio a conocer que Veracruz es el estado donde hay m\u00e1s analfabetismo, en el territorio existen 476 mil 591 personas en esta condici\u00f3n. Veracruz es el estado que m\u00e1s analfabetismo &#8220;de acuerdo a las estimaciones de [&hellip;]<\/p>\n","protected":false},"author":2476,"featured_media":70635,"comment_status":"open","ping_status":"open","sticky":false,"template":"","format":"standard","meta":{"_jetpack_memberships_contains_paid_content":false,"footnotes":""},"categories":[2],"tags":[],"class_list":["post-70634","post","type-post","status-publish","format-standard","has-post-thumbnail","hentry","category-estado"],"jetpack_featured_media_url":"https:\/\/encuentroinformativo.com.mx\/wp-content\/uploads\/2025\/09\/IMG-20250903-WA0142.jpg","jetpack_sharing_enabled":true,"jetpack_likes_enabled":true,"amp_enabled":true,"_links":{"self":[{"href":"https:\/\/encuentroinformativo.com.mx\/index.php?rest_route=\/wp\/v2\/posts\/70634","targetHints":{"allow":["GET"]}}],"collection":[{"href":"https:\/\/encuentroinformativo.com.mx\/index.php?rest_route=\/wp\/v2\/posts"}],"about":[{"href":"https:\/\/encuentroinformativo.com.mx\/index.php?rest_route=\/wp\/v2\/types\/post"}],"author":[{"embeddable":true,"href":"https:\/\/encuentroinformativo.com.mx\/index.php?rest_route=\/wp\/v2\/users\/2476"}],"replies":[{"embeddable":true,"href":"https:\/\/encuentroinformativo.com.mx\/index.php?rest_route=%2Fwp%2Fv2%2Fcomments&post=70634"}],"version-history":[{"count":1,"href":"https:\/\/encuentroinformativo.com.mx\/index.php?rest_route=\/wp\/v2\/posts\/70634\/revisions"}],"predecessor-version":[{"id":70636,"href":"https:\/\/encuentroinformativo.com.mx\/index.php?rest_route=\/wp\/v2\/posts\/70634\/revisions\/70636"}],"wp:featuredmedia":[{"embeddable":true,"href":"https:\/\/encuentroinformativo.com.mx\/index.php?rest_route=\/wp\/v2\/media\/70635"}],"wp:attachment":[{"href":"https:\/\/encuentroinformativo.com.mx\/index.php?rest_route=%2Fwp%2Fv2%2Fmedia&parent=70634"}],"wp:term":[{"taxonomy":"category","embeddable":true,"href":"https:\/\/encuentroinformativo.com.mx\/index.php?rest_route=%2Fwp%2Fv2%2Fcategories&post=70634"},{"taxonomy":"post_tag","embeddable":true,"href":"https:\/\/encuentroinformativo.com.mx\/index.php?rest_route=%2Fwp%2Fv2%2Ftags&post=70634"}],"curies":[{"name":"wp","href":"https:\/\/api.w.org\/{rel}","templated":true}]}}