{"id":70638,"date":"2025-09-03T14:26:03","date_gmt":"2025-09-03T20:26:03","guid":{"rendered":"https:\/\/encuentroinformativo.com.mx\/?p=70638"},"modified":"2025-09-03T14:26:03","modified_gmt":"2025-09-03T20:26:03","slug":"directores-que-cobraron-cuotas-deberan-rendir-explicaciones-rocio-nahle","status":"publish","type":"post","link":"https:\/\/encuentroinformativo.com.mx\/?p=70638","title":{"rendered":"Directores que cobraron cuotas deber\u00e1n rendir explicaciones: Roc\u00edo Nahle"},"content":{"rendered":"<p><strong>Dar\u00edo Pale<\/strong><\/p>\n<p>Xalapa, Ver.- La gobernadora Norma Roc\u00edo Nahle Garc\u00eda, advirti\u00f3 que directores de escuelas de educaci\u00f3n Media Superior tendr\u00e1n que explicar porque cobraron inscripci\u00f3n cuando la orden era que no habr\u00eda cobro para el ciclo escolar 2025-2026.<\/p>\n<p>Al ser cuestionada sobre la cuota voluntaria en las escuelas dijo que, \u201cno, debe de haber reembolso porque para empezar no debieron de haber cobrado, eso ayer se lo platiqu\u00e9 a Claudia Tello, la secretaria me hizo el comentario de que algunas escuelas del nivel medio superior, hab\u00edan cobrado\u201d.<\/p>\n<p>\u201cLe dijimos, miren, el tema de la paz, de la seguridad, es darle a los j\u00f3venes espacios de oportunidad, al momento de que uno dice, a ver, no voy a cobrar la inscripci\u00f3n o la entrada, muchos j\u00f3venes por cuesti\u00f3n econ\u00f3mica no ingresan a las escuelas, entonces, \u00bfqu\u00e9 hacemos nosotros como Estado?, pues darle las garant\u00edas de que ellos entren a la escuela, que no sea por una cuesti\u00f3n econ\u00f3mica\u201d, se\u00f1al\u00f3.<\/p>\n<p>Coment\u00f3 que los directores de escuelas que cobraron inscripci\u00f3n de educaci\u00f3n Media Superior, tendr\u00e1n que rendir cuentas, \u201cayer lo coment\u00e9 con ella (Claudia Tello) y quienes lo hayan hecho pues van a tener que dar cuentas\u201d.<\/p>\n<p>Finalmente en cuanto a que s\u00ed habr\u00e1 sanciones para quienes lo hicieron coment\u00f3 que, \u201cno, no vamos a revisar con Claudia porque eso no debe ser, Al ser cuestionada que si nada m\u00e1s ser\u00edan los tecnol\u00f3gicos? No, en toda la escuela, en toda la escuela superior, media superior, nosotros queremos que los j\u00f3venes est\u00e9n estudiando\u201d.<\/p>\n","protected":false},"excerpt":{"rendered":"<p>Dar\u00edo Pale Xalapa, Ver.- La gobernadora Norma Roc\u00edo Nahle Garc\u00eda, advirti\u00f3 que directores de escuelas de educaci\u00f3n Media Superior tendr\u00e1n que explicar porque cobraron inscripci\u00f3n cuando la orden era que no habr\u00eda cobro para el ciclo escolar 2025-2026. Al ser cuestionada sobre la cuota voluntaria en las escuelas dijo que, \u201cno, debe de haber reembolso [&hellip;]<\/p>\n","protected":false},"author":2476,"featured_media":70639,"comment_status":"open","ping_status":"open","sticky":false,"template":"","format":"standard","meta":{"_jetpack_memberships_contains_paid_content":false,"footnotes":""},"categories":[2],"tags":[],"class_list":["post-70638","post","type-post","status-publish","format-standard","has-post-thumbnail","hentry","category-estado"],"jetpack_featured_media_url":"https:\/\/encuentroinformativo.com.mx\/wp-content\/uploads\/2025\/09\/IMG-20250903-WA0119.jpg","jetpack_sharing_enabled":true,"jetpack_likes_enabled":true,"amp_enabled":true,"_links":{"self":[{"href":"https:\/\/encuentroinformativo.com.mx\/index.php?rest_route=\/wp\/v2\/posts\/70638","targetHints":{"allow":["GET"]}}],"collection":[{"href":"https:\/\/encuentroinformativo.com.mx\/index.php?rest_route=\/wp\/v2\/posts"}],"about":[{"href":"https:\/\/encuentroinformativo.com.mx\/index.php?rest_route=\/wp\/v2\/types\/post"}],"author":[{"embeddable":true,"href":"https:\/\/encuentroinformativo.com.mx\/index.php?rest_route=\/wp\/v2\/users\/2476"}],"replies":[{"embeddable":true,"href":"https:\/\/encuentroinformativo.com.mx\/index.php?rest_route=%2Fwp%2Fv2%2Fcomments&post=70638"}],"version-history":[{"count":1,"href":"https:\/\/encuentroinformativo.com.mx\/index.php?rest_route=\/wp\/v2\/posts\/70638\/revisions"}],"predecessor-version":[{"id":70640,"href":"https:\/\/encuentroinformativo.com.mx\/index.php?rest_route=\/wp\/v2\/posts\/70638\/revisions\/70640"}],"wp:featuredmedia":[{"embeddable":true,"href":"https:\/\/encuentroinformativo.com.mx\/index.php?rest_route=\/wp\/v2\/media\/70639"}],"wp:attachment":[{"href":"https:\/\/encuentroinformativo.com.mx\/index.php?rest_route=%2Fwp%2Fv2%2Fmedia&parent=70638"}],"wp:term":[{"taxonomy":"category","embeddable":true,"href":"https:\/\/encuentroinformativo.com.mx\/index.php?rest_route=%2Fwp%2Fv2%2Fcategories&post=70638"},{"taxonomy":"post_tag","embeddable":true,"href":"https:\/\/encuentroinformativo.com.mx\/index.php?rest_route=%2Fwp%2Fv2%2Ftags&post=70638"}],"curies":[{"name":"wp","href":"https:\/\/api.w.org\/{rel}","templated":true}]}}