{"id":70641,"date":"2025-09-03T18:09:35","date_gmt":"2025-09-04T00:09:35","guid":{"rendered":"https:\/\/encuentroinformativo.com.mx\/?p=70641"},"modified":"2025-09-03T18:09:35","modified_gmt":"2025-09-04T00:09:35","slug":"acusan-al-ayuntamiento-de-ixhuatlan-del-cafe-de-tomar-recursos-de-la-escuela-es-nuestra","status":"publish","type":"post","link":"https:\/\/encuentroinformativo.com.mx\/?p=70641","title":{"rendered":"Acusan al Ayuntamiento de Ixhuatl\u00e1n del Caf\u00e9 de tomar recursos de &#8220;La escuela es nuestra&#8221;\u00a0"},"content":{"rendered":"<p><strong>Alejandro \u00c1vila<\/strong><\/p>\n<p>Ixhuatl\u00e1n del Caf\u00e9, Ver.- El Palacio Municipal fue tomado por padres de familia de la escuela primaria &#8220;L\u00e1zaro C\u00e1rdenas&#8221;, quienes acusaron al Ayuntamiento de Ixhuatl\u00e1n del Caf\u00e9 de quedarse con casi medio mill\u00f3n de pesos, presuntamente del programa La Escuela es Nuestra para realizar una obra en su instituci\u00f3n educativa.<\/p>\n<p>Padres de familia de al menos 300 alumnos afectados en los turnos matutino y vespertino, no aguantaron m\u00e1s las excusas de la alcaldesa Dora Alicia Galicia Contreras, y decidieron manifestarse y tomar las instalaciones del Palacio Municipal.<\/p>\n<p>Los quejosos se\u00f1alaron que la obra fue comprometida y declarada como culminada en documentos oficiales, sin embargo, ellos pueden constatar que en ning\u00fan momento se dio inicio a los trabajos, por lo cual exigen a las autoridades correspondientes sancionen a los responsables y se cumpla con esta obra que beneficiar\u00e1 a sus hijos.<\/p>\n<p>Durante la protesta, los maestros manifestaron que no buscan enfrentamientos ni exigir recursos adicionales, sino \u00fanicamente que se d\u00e9 certeza sobre la obra pendiente.<\/p>\n<p>Destacaron que la falta de infraestructura escolar limita las condiciones de aprendizaje de los ni\u00f1os, quienes requieren espacios dignos y seguros para continuar con su formaci\u00f3n.<\/p>\n","protected":false},"excerpt":{"rendered":"<p>Alejandro \u00c1vila Ixhuatl\u00e1n del Caf\u00e9, Ver.- El Palacio Municipal fue tomado por padres de familia de la escuela primaria &#8220;L\u00e1zaro C\u00e1rdenas&#8221;, quienes acusaron al Ayuntamiento de Ixhuatl\u00e1n del Caf\u00e9 de quedarse con casi medio mill\u00f3n de pesos, presuntamente del programa La Escuela es Nuestra para realizar una obra en su instituci\u00f3n educativa. Padres de familia [&hellip;]<\/p>\n","protected":false},"author":2476,"featured_media":70642,"comment_status":"open","ping_status":"open","sticky":false,"template":"","format":"standard","meta":{"_jetpack_memberships_contains_paid_content":false,"footnotes":""},"categories":[2],"tags":[],"class_list":["post-70641","post","type-post","status-publish","format-standard","has-post-thumbnail","hentry","category-estado"],"jetpack_featured_media_url":"https:\/\/encuentroinformativo.com.mx\/wp-content\/uploads\/2025\/09\/IMG-20250903-WA0282.jpg","jetpack_sharing_enabled":true,"jetpack_likes_enabled":true,"amp_enabled":true,"_links":{"self":[{"href":"https:\/\/encuentroinformativo.com.mx\/index.php?rest_route=\/wp\/v2\/posts\/70641","targetHints":{"allow":["GET"]}}],"collection":[{"href":"https:\/\/encuentroinformativo.com.mx\/index.php?rest_route=\/wp\/v2\/posts"}],"about":[{"href":"https:\/\/encuentroinformativo.com.mx\/index.php?rest_route=\/wp\/v2\/types\/post"}],"author":[{"embeddable":true,"href":"https:\/\/encuentroinformativo.com.mx\/index.php?rest_route=\/wp\/v2\/users\/2476"}],"replies":[{"embeddable":true,"href":"https:\/\/encuentroinformativo.com.mx\/index.php?rest_route=%2Fwp%2Fv2%2Fcomments&post=70641"}],"version-history":[{"count":1,"href":"https:\/\/encuentroinformativo.com.mx\/index.php?rest_route=\/wp\/v2\/posts\/70641\/revisions"}],"predecessor-version":[{"id":70643,"href":"https:\/\/encuentroinformativo.com.mx\/index.php?rest_route=\/wp\/v2\/posts\/70641\/revisions\/70643"}],"wp:featuredmedia":[{"embeddable":true,"href":"https:\/\/encuentroinformativo.com.mx\/index.php?rest_route=\/wp\/v2\/media\/70642"}],"wp:attachment":[{"href":"https:\/\/encuentroinformativo.com.mx\/index.php?rest_route=%2Fwp%2Fv2%2Fmedia&parent=70641"}],"wp:term":[{"taxonomy":"category","embeddable":true,"href":"https:\/\/encuentroinformativo.com.mx\/index.php?rest_route=%2Fwp%2Fv2%2Fcategories&post=70641"},{"taxonomy":"post_tag","embeddable":true,"href":"https:\/\/encuentroinformativo.com.mx\/index.php?rest_route=%2Fwp%2Fv2%2Ftags&post=70641"}],"curies":[{"name":"wp","href":"https:\/\/api.w.org\/{rel}","templated":true}]}}