{"id":70650,"date":"2025-09-04T09:42:18","date_gmt":"2025-09-04T15:42:18","guid":{"rendered":"https:\/\/encuentroinformativo.com.mx\/?p=70650"},"modified":"2025-09-04T09:42:18","modified_gmt":"2025-09-04T15:42:18","slug":"violenta-privacion-de-la-libertad-en-minatitlan-desata-fuerte-operativo-policiaco","status":"publish","type":"post","link":"https:\/\/encuentroinformativo.com.mx\/?p=70650","title":{"rendered":"Violenta privaci\u00f3n de la libertad en Minatitl\u00e1n desata fuerte operativo polic\u00edaco\u00a0"},"content":{"rendered":"<p><strong>Jos\u00e9 Vargas<\/strong><\/p>\n<p>Minatitl\u00e1n, Ver.- Una intensa movilizaci\u00f3n de corporaciones de seguridad se registr\u00f3 la noche de este mi\u00e9rcoles 3 de septiembre en la colonia Miguel Hidalgo, tras el reporte de la presunta privaci\u00f3n ilegal de la libertad de un hombre.<\/p>\n<p>De acuerdo con los primeros informes, los hechos ocurrieron alrededor de las 21:00 horas sobre la calle R\u00edo Blanco, a escasos metros del casino petrolero, donde al menos tres sujetos armados interceptaron a la v\u00edctima que caminaba por la zona. Testigos relataron que los individuos lo sometieron con violencia y lo obligaron a subir a una camioneta, en la que huyeron con rumbo desconocido.<\/p>\n<p>Al lugar acudieron elementos policiacos preventivos y ministeriales, quienes acordonaron la zona e iniciaron las diligencias correspondientes, adem\u00e1s de desplegar un operativo de b\u00fasqueda en colonias aleda\u00f1as.<\/p>\n<p>Versiones extraoficiales se\u00f1alan que la persona privada de su libertad ser\u00eda un conocido comerciante de la Central de Abastos de Minatitl\u00e1n; sin embargo, hasta el momento no existe denuncia formal sobre el caso.<\/p>\n<p>Las autoridades mantienen abiertas las investigaciones para esclarecer lo ocurrido y dar con el paradero de la v\u00edctima, as\u00ed como con los responsables de este hecho violento que vuelve a generar alarma entre la poblaci\u00f3n.<\/p>\n","protected":false},"excerpt":{"rendered":"<p>Jos\u00e9 Vargas Minatitl\u00e1n, Ver.- Una intensa movilizaci\u00f3n de corporaciones de seguridad se registr\u00f3 la noche de este mi\u00e9rcoles 3 de septiembre en la colonia Miguel Hidalgo, tras el reporte de la presunta privaci\u00f3n ilegal de la libertad de un hombre. De acuerdo con los primeros informes, los hechos ocurrieron alrededor de las 21:00 horas sobre [&hellip;]<\/p>\n","protected":false},"author":2476,"featured_media":70651,"comment_status":"open","ping_status":"open","sticky":false,"template":"","format":"standard","meta":{"_jetpack_memberships_contains_paid_content":false,"footnotes":""},"categories":[14],"tags":[],"class_list":["post-70650","post","type-post","status-publish","format-standard","has-post-thumbnail","hentry","category-policiaca"],"jetpack_featured_media_url":"https:\/\/encuentroinformativo.com.mx\/wp-content\/uploads\/2025\/09\/IMG-20250904-WA0035.jpg","jetpack_sharing_enabled":true,"jetpack_likes_enabled":true,"amp_enabled":true,"_links":{"self":[{"href":"https:\/\/encuentroinformativo.com.mx\/index.php?rest_route=\/wp\/v2\/posts\/70650","targetHints":{"allow":["GET"]}}],"collection":[{"href":"https:\/\/encuentroinformativo.com.mx\/index.php?rest_route=\/wp\/v2\/posts"}],"about":[{"href":"https:\/\/encuentroinformativo.com.mx\/index.php?rest_route=\/wp\/v2\/types\/post"}],"author":[{"embeddable":true,"href":"https:\/\/encuentroinformativo.com.mx\/index.php?rest_route=\/wp\/v2\/users\/2476"}],"replies":[{"embeddable":true,"href":"https:\/\/encuentroinformativo.com.mx\/index.php?rest_route=%2Fwp%2Fv2%2Fcomments&post=70650"}],"version-history":[{"count":1,"href":"https:\/\/encuentroinformativo.com.mx\/index.php?rest_route=\/wp\/v2\/posts\/70650\/revisions"}],"predecessor-version":[{"id":70652,"href":"https:\/\/encuentroinformativo.com.mx\/index.php?rest_route=\/wp\/v2\/posts\/70650\/revisions\/70652"}],"wp:featuredmedia":[{"embeddable":true,"href":"https:\/\/encuentroinformativo.com.mx\/index.php?rest_route=\/wp\/v2\/media\/70651"}],"wp:attachment":[{"href":"https:\/\/encuentroinformativo.com.mx\/index.php?rest_route=%2Fwp%2Fv2%2Fmedia&parent=70650"}],"wp:term":[{"taxonomy":"category","embeddable":true,"href":"https:\/\/encuentroinformativo.com.mx\/index.php?rest_route=%2Fwp%2Fv2%2Fcategories&post=70650"},{"taxonomy":"post_tag","embeddable":true,"href":"https:\/\/encuentroinformativo.com.mx\/index.php?rest_route=%2Fwp%2Fv2%2Ftags&post=70650"}],"curies":[{"name":"wp","href":"https:\/\/api.w.org\/{rel}","templated":true}]}}