{"id":70659,"date":"2025-09-04T10:52:29","date_gmt":"2025-09-04T16:52:29","guid":{"rendered":"https:\/\/encuentroinformativo.com.mx\/?p=70659"},"modified":"2025-09-04T10:52:29","modified_gmt":"2025-09-04T16:52:29","slug":"reclaman-en-la-sev-resolver-problema-intersindical-en-kinder-de-coatzacoalcos","status":"publish","type":"post","link":"https:\/\/encuentroinformativo.com.mx\/?p=70659","title":{"rendered":"Reclaman en la SEV resolver problema intersindical en kinder de Coatzacoalcos"},"content":{"rendered":"<p><strong>Dar\u00edo Pale\u00a0<\/strong><\/p>\n<p>Xalapa, Ver.- Toman las instalaciones de la Secretar\u00eda de Educaci\u00f3n de Veracruz (SEV), desde las 04:00 horas, los docentes del Jard\u00edn de Ni\u00f1os \u201cMargarita Mor\u00e1n V\u00e9liz\u201d, con clave 30EJN1541B, de la ciudad de Coatzacoalcos, exigen se resuelva problema intersindical del Jard\u00edn de Ni\u00f1os.<\/p>\n<p>Desde la madrugada de este jueves un peque\u00f1o grupo de maestros tomaron las instalaciones de la SEV, son del Jard\u00edn de Ni\u00f1os Margarita Mor\u00e1n V\u00e9liz, con clave 30EJN1541B, de la ciudad de Coatzacoalcos, para exigir se concluya la investigaci\u00f3n que se sigue en ese plantel escolar, por diversas denuncias que se han hecho por problemas intersindicales.<\/p>\n<p>Entrevistado durante la manifestaci\u00f3n el profesor Jes\u00fas V\u00e1zquez Carrasco, dio a conocer que el problema data desde el ciclo escolar pasado por diferencias suscitadas con los agremiados del Sindicato Estatal de Trabajadores de Antorcha Magisterial (SETAM) quienes han presionado para que uno de sus integrantes asuma la direcci\u00f3n de este centro escolar.<\/p>\n<p>\u201cLo que nosotros estamos pidiendo es que se aplique la ley 36, relativa al servidor p\u00fablico, debe separarse a la persona que est\u00e1 siendo sujeta a investigaci\u00f3n y en caso de no tener ninguna responsabilidad reasignarlo en su centro de trabajo\u201d, se\u00f1al\u00f3.<\/p>\n<p>Sin embargo, sostuvo que en el proceso que se lleva a cabo esta totalmente manipulado y ama\u00f1ado, ya que una agremiada del SETAM, qui\u00e9n fung\u00eda como directora fue separada de su cargo y pidieron que est\u00e1 siguiera Comisionada en dicho Jard\u00edn de Ni\u00f1os, pero la Direcci\u00f3n General de Educaci\u00f3n Preescolar del Estado le neg\u00f3 la solicitud e iniciaron acciones de protesta para reincorporarla en su puesto.<\/p>\n<p>Los docentes, que arribaron a las oficinas centrales de la SEV colocaron cadenas en todos los accesos al inmueble para impedir la entrada del personal docente y administrativo de la secretar\u00eda.<\/p>\n<p>Insistieron en demandar la intervenci\u00f3n de la titular de la SEV, Claudia Tello Espinoza para que de soluci\u00f3n a este problema que tiende a agravarse por la postura intransigente del grupo de SETAM, que a toda costa quiere que uno de sus agremiados sea designado como directora del plantel, cuando esto debe atender los lineamientos establecidos en la Ley de la Unidad del Sistema de Carrera de las Maestras y los Maestros (USICAMM).<\/p>\n<p>\u201cNosotros nos estamos apegando a lo se\u00f1alado por la Secretar\u00eda de Educaci\u00f3n cuando establece que nadie debe estar por encima de la ley, de ah\u00ed que estamos solicitando nos escuche y atienda, ya que la maestra que fue designada como directora del Jard\u00edn de Ni\u00f1os no se le permiti\u00f3 el acceso, incluso, un grupo externo lleg\u00f3 con machetes y palos en mano, y de manera amenazante les impidi\u00f3 el acceso \u201c, coment\u00f3.<\/p>\n<p>Dieron a conocer que, est\u00e1 situaci\u00f3n la pudo constatar la propia subdirectora de Educaci\u00f3n Preescolar, cuando acudi\u00f3 el pasado 2 de septiembre, que estas personas ajenas a la instituci\u00f3n, estaban dentro del plantel escolar, sin poder justificar su estancia en \u00e9l y quer\u00edan que firm\u00e1ramos un documento en el que ped\u00edan que le di\u00e9ramos un voto de confianza a la maestra agremiada al SETAM, con la advertencia que de no hacerlo, tomar\u00edan el Jard\u00edn de Ni\u00f1os.<\/p>\n<p>\u201cEsto se evidenci\u00f3 cuando en las mesas de negociaci\u00f3n realizadas durante los d\u00edas 2 y 3 de septiembre, hab\u00eda una presi\u00f3n creciente porque se firmar\u00e1 dicho documento, por lo que para evitar mayores problemas decidimos acudir a la ciudad de Xalapa y pedirle a la Secretar\u00eda de Educaci\u00f3n su intervenci\u00f3n y finiquitar este problema, y evitar con ello un problema mayor en esta colonia.<\/p>\n<p>Finalmente, los docentes advirtieron que de no tener la audiencia con la titular de la SEV, mantendr\u00edan tomadas las oficinas centrales de esta Secretar\u00eda, pues es insostenible la situaci\u00f3n que all\u00ed se vive.<\/p>\n","protected":false},"excerpt":{"rendered":"<p>Dar\u00edo Pale\u00a0 Xalapa, Ver.- Toman las instalaciones de la Secretar\u00eda de Educaci\u00f3n de Veracruz (SEV), desde las 04:00 horas, los docentes del Jard\u00edn de Ni\u00f1os \u201cMargarita Mor\u00e1n V\u00e9liz\u201d, con clave 30EJN1541B, de la ciudad de Coatzacoalcos, exigen se resuelva problema intersindical del Jard\u00edn de Ni\u00f1os. Desde la madrugada de este jueves un peque\u00f1o grupo de [&hellip;]<\/p>\n","protected":false},"author":2476,"featured_media":70660,"comment_status":"open","ping_status":"open","sticky":false,"template":"","format":"standard","meta":{"_jetpack_memberships_contains_paid_content":false,"footnotes":""},"categories":[2],"tags":[],"class_list":["post-70659","post","type-post","status-publish","format-standard","has-post-thumbnail","hentry","category-estado"],"jetpack_featured_media_url":"https:\/\/encuentroinformativo.com.mx\/wp-content\/uploads\/2025\/09\/IMG-20250904-WA0061.jpg","jetpack_sharing_enabled":true,"jetpack_likes_enabled":true,"amp_enabled":true,"_links":{"self":[{"href":"https:\/\/encuentroinformativo.com.mx\/index.php?rest_route=\/wp\/v2\/posts\/70659","targetHints":{"allow":["GET"]}}],"collection":[{"href":"https:\/\/encuentroinformativo.com.mx\/index.php?rest_route=\/wp\/v2\/posts"}],"about":[{"href":"https:\/\/encuentroinformativo.com.mx\/index.php?rest_route=\/wp\/v2\/types\/post"}],"author":[{"embeddable":true,"href":"https:\/\/encuentroinformativo.com.mx\/index.php?rest_route=\/wp\/v2\/users\/2476"}],"replies":[{"embeddable":true,"href":"https:\/\/encuentroinformativo.com.mx\/index.php?rest_route=%2Fwp%2Fv2%2Fcomments&post=70659"}],"version-history":[{"count":1,"href":"https:\/\/encuentroinformativo.com.mx\/index.php?rest_route=\/wp\/v2\/posts\/70659\/revisions"}],"predecessor-version":[{"id":70661,"href":"https:\/\/encuentroinformativo.com.mx\/index.php?rest_route=\/wp\/v2\/posts\/70659\/revisions\/70661"}],"wp:featuredmedia":[{"embeddable":true,"href":"https:\/\/encuentroinformativo.com.mx\/index.php?rest_route=\/wp\/v2\/media\/70660"}],"wp:attachment":[{"href":"https:\/\/encuentroinformativo.com.mx\/index.php?rest_route=%2Fwp%2Fv2%2Fmedia&parent=70659"}],"wp:term":[{"taxonomy":"category","embeddable":true,"href":"https:\/\/encuentroinformativo.com.mx\/index.php?rest_route=%2Fwp%2Fv2%2Fcategories&post=70659"},{"taxonomy":"post_tag","embeddable":true,"href":"https:\/\/encuentroinformativo.com.mx\/index.php?rest_route=%2Fwp%2Fv2%2Ftags&post=70659"}],"curies":[{"name":"wp","href":"https:\/\/api.w.org\/{rel}","templated":true}]}}