{"id":70663,"date":"2025-09-04T12:44:08","date_gmt":"2025-09-04T18:44:08","guid":{"rendered":"https:\/\/encuentroinformativo.com.mx\/?p=70663"},"modified":"2025-09-04T12:44:08","modified_gmt":"2025-09-04T18:44:08","slug":"exhorta-secretaria-del-trabajo-a-tener-cuidado-con-ofertas-laborales-en-redes","status":"publish","type":"post","link":"https:\/\/encuentroinformativo.com.mx\/?p=70663","title":{"rendered":"Exhorta Secretar\u00eda del Trabajo a tener cuidado con ofertas laborales en redes"},"content":{"rendered":"<p><strong>Dar\u00edo Pale<\/strong><\/p>\n<p>Xalapa, Ver.- El secretario del Trabajo, Luis Arturo Santiago Mart\u00ednez, se\u00f1al\u00f3 que de acuerdo con el INEGI, en el estado de Veracruz la poblaci\u00f3n ocupada es de 3.4 millones de personas, 27 mil empleos m\u00e1s que el a\u00f1o pasado, &#8220;tenemos el 2.3 por ciento en tasa de desocupaci\u00f3n, a nivel nacional est\u00e1 el 2.7 por ciento&#8221;.<\/p>\n<p>El funcionario refiri\u00f3 que a nivel nacional, &#8220;que es un r\u00e9cord hist\u00f3rico para ponerte un ejemplo, Estados Unidos tiene arriba del 4 por ciento, Canad\u00e1 cerca del 7 por ciento, Espa\u00f1a arriba del 11 por ciento, a nivel nacional r\u00e9cord hist\u00f3rico de tasa de desocupaci\u00f3n, o sea, de desempleo que va a la baja 2.7 y en Veracruz 2.3. Decirte que la pobreza laboral, en s\u00ed el trabajo cr\u00edtico, disminuy\u00f3 de 45 a 35 por ciento&#8221;.<\/p>\n<p>Por ello, subray\u00f3 que todos esos datos los alientan a seguir construyendo y edificando la transformaci\u00f3n.<\/p>\n<p>Con respecto a la tasa de informalidad que es del 70 por ciento dijo que se est\u00e1 trabajando en dos vertientes.<\/p>\n<p>&#8220;El primero tiene que ver con el desarrollo regional, el desarrollo regional impulsando, porque acu\u00e9rdate que ese dato del INEGI se dio hasta el mes de junio, pero se anunci\u00f3 inversiones de car\u00e1cter p\u00fablico privado muy importantes para el estado. Nada m\u00e1s para ponerte un ejemplo, 900 kil\u00f3metros o m\u00e1s de 900 km en carreteras, que implica m\u00e1s de 6600 empleos. Implica el corredor interoce\u00e1nico porque apenas firmaron un convenio y va a haber tambi\u00e9n mucha inversi\u00f3n. Corredores industriales, etc\u00e9tera\u201d, se\u00f1al\u00f3.<\/p>\n<p>En el caso de las mujeres que fueron m\u00e1s los empleos que se perdieron que los que se recuperaron, dijo que est\u00e1n impulsando la empleabilidad para mujeres y tambi\u00e9n impulsan la reducci\u00f3n de la brecha salarial que tambi\u00e9n disminuy\u00f3.<\/p>\n<p>En relaci\u00f3n a lo que ha pasado con personas que piden trabajo y que son enganchadas y luego desaparecen, como recientemente hubo un caso en Veracruz, lo que no se sabe es si fue enganchado aqu\u00ed en Veracruz o desde otro estado, el funcionario respondi\u00f3 que hay dos tipos de movilidades, movilidad interna y movilidad externa.<\/p>\n<p>&#8220;La movilidad interna es para jornaleros agr\u00edcolas, para estados del norte fundamentalmente. Y ah\u00ed aproximadamente m\u00e1s de 2 mil 600 se han ido en este a\u00f1o&#8221;, coment\u00f3.<\/p>\n<p>Sobre el caso particular se\u00f1al\u00f3 que las \u00fanicas instituciones v\u00e1lidas, seguras, con trabajo digno, con todas las condiciones laborales garantizadas es la Secretar\u00eda del Trabajo y el Servicio Nacional del Empleo.<\/p>\n<p>&#8220;En movilidad externa hacia pa\u00edses del norte, Estados Unidos y Canad\u00e1, tenemos arriba de 2300 que ya han sido llevados para que trabajen&#8221;.<\/p>\n<p>Por ello, se\u00f1al\u00f3 que han hecho caravanas y convocan a los agentes municipales a quienes les dicen que la \u00fanica garant\u00eda segura, &#8220;porque los vigilamos desde que salen, hasta que llegan, hasta que est\u00e1n trabajando y hasta que regresan con sus familias, es la Secretar\u00eda del Trabajo y el Servicio Nacional&#8221;.<\/p>\n<p>En el caso del trabajo que se promueve a trav\u00e9s de redes sociales, la recomendaci\u00f3n es que tengan cuidado &#8220;y que sea solamente la instituci\u00f3n, que es lo que queremos decirles, la instituci\u00f3n de la Secretar\u00eda del Trabajo, la fuente confiable&#8221;.<\/p>\n<p>Sobre la movilidad interna dijo que son arriba de 2 mil 600, movilidad externa hacia pa\u00edses como Estados Unidos, Canad\u00e1 y Alemania 2300. &#8220;Si me hablas de las ferias nacionales del empleo se han ofertado m\u00e1s de 6000 vacantes. De esos hemos vinculado arriba de 2 mil 600. Si me hablas de la bolsa de trabajo, son arriba de 10 mil personas&#8221;.<\/p>\n<p>Por \u00faltimo en lo que se refiere a la ley silla, manifest\u00f3 que aunque es una ley de car\u00e1cter federal, aqu\u00ed hay empresarios que son veracruzanos y que les importa mucho ese tema, &#8220;por tanto hemos hecho un recorrido que ya culminamos la semana pasada en todos el estado para dar a conocer lo que es la ley silla y sobre todo prevenir para que no haya ning\u00fan tipo de sanci\u00f3n. Incluso, convocamos a sindicatos, empresarios, sociedad civil, universidades para que nos pongamos de acuerdo porque es muy importante respetar la ley y tambi\u00e9n respetar la inversi\u00f3n y el trabajo que hacen y que generan riqueza aqu\u00ed en Veracruz&#8221;.<\/p>\n","protected":false},"excerpt":{"rendered":"<p>Dar\u00edo Pale Xalapa, Ver.- El secretario del Trabajo, Luis Arturo Santiago Mart\u00ednez, se\u00f1al\u00f3 que de acuerdo con el INEGI, en el estado de Veracruz la poblaci\u00f3n ocupada es de 3.4 millones de personas, 27 mil empleos m\u00e1s que el a\u00f1o pasado, &#8220;tenemos el 2.3 por ciento en tasa de desocupaci\u00f3n, a nivel nacional est\u00e1 el [&hellip;]<\/p>\n","protected":false},"author":2476,"featured_media":70664,"comment_status":"open","ping_status":"open","sticky":false,"template":"","format":"standard","meta":{"_jetpack_memberships_contains_paid_content":false,"footnotes":""},"categories":[2],"tags":[],"class_list":["post-70663","post","type-post","status-publish","format-standard","has-post-thumbnail","hentry","category-estado"],"jetpack_featured_media_url":"https:\/\/encuentroinformativo.com.mx\/wp-content\/uploads\/2025\/09\/IMG-20250904-WA00752-scaled.jpg","jetpack_sharing_enabled":true,"jetpack_likes_enabled":true,"amp_enabled":true,"_links":{"self":[{"href":"https:\/\/encuentroinformativo.com.mx\/index.php?rest_route=\/wp\/v2\/posts\/70663","targetHints":{"allow":["GET"]}}],"collection":[{"href":"https:\/\/encuentroinformativo.com.mx\/index.php?rest_route=\/wp\/v2\/posts"}],"about":[{"href":"https:\/\/encuentroinformativo.com.mx\/index.php?rest_route=\/wp\/v2\/types\/post"}],"author":[{"embeddable":true,"href":"https:\/\/encuentroinformativo.com.mx\/index.php?rest_route=\/wp\/v2\/users\/2476"}],"replies":[{"embeddable":true,"href":"https:\/\/encuentroinformativo.com.mx\/index.php?rest_route=%2Fwp%2Fv2%2Fcomments&post=70663"}],"version-history":[{"count":1,"href":"https:\/\/encuentroinformativo.com.mx\/index.php?rest_route=\/wp\/v2\/posts\/70663\/revisions"}],"predecessor-version":[{"id":70665,"href":"https:\/\/encuentroinformativo.com.mx\/index.php?rest_route=\/wp\/v2\/posts\/70663\/revisions\/70665"}],"wp:featuredmedia":[{"embeddable":true,"href":"https:\/\/encuentroinformativo.com.mx\/index.php?rest_route=\/wp\/v2\/media\/70664"}],"wp:attachment":[{"href":"https:\/\/encuentroinformativo.com.mx\/index.php?rest_route=%2Fwp%2Fv2%2Fmedia&parent=70663"}],"wp:term":[{"taxonomy":"category","embeddable":true,"href":"https:\/\/encuentroinformativo.com.mx\/index.php?rest_route=%2Fwp%2Fv2%2Fcategories&post=70663"},{"taxonomy":"post_tag","embeddable":true,"href":"https:\/\/encuentroinformativo.com.mx\/index.php?rest_route=%2Fwp%2Fv2%2Ftags&post=70663"}],"curies":[{"name":"wp","href":"https:\/\/api.w.org\/{rel}","templated":true}]}}