{"id":70687,"date":"2025-09-05T12:12:01","date_gmt":"2025-09-05T18:12:01","guid":{"rendered":"https:\/\/encuentroinformativo.com.mx\/?p=70687"},"modified":"2025-09-05T12:12:01","modified_gmt":"2025-09-05T18:12:01","slug":"sesver-y-gobierno-estatal-condenan-a-la-negligencia-a-bebes-y-adolescentes-en-hospitales-de-veracruz","status":"publish","type":"post","link":"https:\/\/encuentroinformativo.com.mx\/?p=70687","title":{"rendered":"Sesver y gobierno estatal condenan a la negligencia a beb\u00e9s y adolescentes en hospitales de Veracruz"},"content":{"rendered":"<p>Xalapa, Ver.- La Secretar\u00eda de Salud de Veracruz (Sesver), el Hospital Civil de Xalapa y el propio gobierno del estado encabezado por la gobernadora Roc\u00edo Nahle Garc\u00eda, enfrentan severas denuncias por una cadena de omisiones, negligencias y malos tratos m\u00e9dicos que han puesto en riesgo la vida de una adolescente y una reci\u00e9n nacida, ambas v\u00edctimas de un sistema de salud colapsado.<\/p>\n<p>El caso m\u00e1s reciente es el de la se\u00f1ora Isabel Majan Huerta, madre de una beb\u00e9 de apenas 2 meses y 11 d\u00edas, quien denunci\u00f3 p\u00fablicamente la atenci\u00f3n deficiente y riesgosa que ha recibido su hija en el Hospital Civil.<\/p>\n<p>\u201cA mi hija le dieron leche fr\u00eda y espesa, inapropiada para su condici\u00f3n. La revisan presionando su mollera, no la alimentan regularmente, le sacan sangre sin explicaciones y fue sometida a cirug\u00edas donde el resultado no fue satisfactorio. El doctor Demetrio Dom\u00ednguez, responsable de las intervenciones, no ha asumido la responsabilidad por las complicaciones, y me dicen que ya existen quejas previas contra \u00e9l\u201d, denunci\u00f3 la madre.<\/p>\n<p>La doctora que atiende a la menor confirm\u00f3 que la beb\u00e9 presenta infecci\u00f3n, anemia y hundimiento en la cabecita, con riesgo de sangrado cerebral.<\/p>\n<p>Una tragedia que se repite<\/p>\n<p>El nombre del mismo neurocirujano, Demetrio Dom\u00ednguez, tambi\u00e9n aparece en el caso de una adolescente v\u00edctima de un accidente en la feria de Banderilla. La joven fue sometida a tres cirug\u00edas en menos de un mes y espera una cuarta intervenci\u00f3n, pero su madre, Luc\u00eda Morales, denunci\u00f3 que Sesver no ha surtido los medicamentos indispensables, oblig\u00e1ndola a comprarlos con sus propios recursos, a pesar de que el tratamiento requiere continuidad de 21 d\u00edas.<\/p>\n<p>Durante todo este proceso, la menor sufri\u00f3 complicaciones graves por una v\u00e1lvula mal colocada, infecciones que se propagaron al cerebro y la falta de especialistas disponibles.<\/p>\n<p><strong>Omisi\u00f3n y silencio oficial<\/strong><\/p>\n<p>En ambos casos, las madres acudieron a las instancias m\u00e1s altas: el Secretario de Gobierno Ricardo Ahued Bardahuil y la gobernadora Roc\u00edo Nahle Garc\u00eda. Sin embargo, fueron ignoradas.<\/p>\n<p>\u201cNos dicen que tenemos que esperar un aviso. Mientras tanto, nuestros hijos est\u00e1n en riesgo. Este gobierno se lava las manos mientras nosotros pagamos con dolor y desesperaci\u00f3n\u201d, se\u00f1alaron.<\/p>\n<p>La Fiscal\u00eda Especializada en Delitos contra la Mujer y la Familia ya abri\u00f3 el expediente 381\/2025 por el delito de omisi\u00f3n de cuidado, pero hasta ahora no hay responsables sancionados ni medidas urgentes para salvar a las menores.<\/p>\n<p>Un sistema en crisis<\/p>\n<p>Lejos del discurso oficial sobre un sistema de salud fortalecido, la realidad en la capital del estado es cr\u00edtica: hospitales sin medicamentos b\u00e1sicos, beb\u00e9s y adolescentes sometidos a intervenciones fallidas, m\u00e9dicos con quejas acumuladas, y familias obligadas a costear lo que deber\u00eda garantizar el Estado.<\/p>\n<p>El clamor de las madres resume la tragedia:<\/p>\n<p>\u201cNuestras hijas no son n\u00fameros en una estad\u00edstica. Son vidas que est\u00e1n dejando morir por negligencia, corrupci\u00f3n y abandono\u201d.<\/p>\n<p>* Otra v\u00edctima del sistema de salud de Veracruz: madre denuncia que su beb\u00e9 de 2 meses recibe trato inhumano en el Hospital Civil de Xalapa<\/p>\n<p>Mientras contin\u00faa la indignaci\u00f3n por la adolescente sometida a tres cirug\u00edas sin medicamentos, ahora se suma la voz de otra madre, Isabel Majan Huerta, quien denuncia la atenci\u00f3n inhumana y riesgosa que ha recibido su hija de apenas 2 meses y 11 d\u00edas de nacida en el mismo Hospital Civil de Xalapa.<\/p>\n<p>La mujer relat\u00f3 que a la beb\u00e9 le suministraron leche fr\u00eda y en consistencia espesa, inadecuada para su estado de salud. Posteriormente, la peque\u00f1a present\u00f3 coloraci\u00f3n amarilla, debilidad, infecci\u00f3n, anemia y hundimiento en su cabecita, lo que podr\u00eda derivar en un sangrado.<\/p>\n<p>\u201cLos enfermeros presionan su mollera cada vez que la revisan, no la alimentan de manera regular, le sacan sangre constantemente sin dar explicaciones y ya fue sometida a varias cirug\u00edas, entre ellas la colocaci\u00f3n de una v\u00e1lvula y una operaci\u00f3n de cadera. En una de esas cirug\u00edas el resultado no fue satisfactorio y tuvo que volver a ser operada\u201d, denunci\u00f3 la madre.<\/p>\n<p>La situaci\u00f3n se agrava porque el m\u00e9dico a cargo, el neurocirujano Demetrio Dom\u00ednguez, ya se\u00f1alado en el caso de la adolescente v\u00edctima de la feria de Banderilla, no ha asumido la responsabilidad por las complicaciones. Incluso, personal del hospital habr\u00eda informado a la madre que existen quejas previas contra \u00e9l.<\/p>\n<p><strong>Indignaci\u00f3n creciente<\/strong><\/p>\n<p>El nuevo testimonio confirma lo que diversas familias ya han se\u00f1alado: en el Hospital Civil de Xalapa, bajo la administraci\u00f3n de Sesver, se repite la falta de medicamentos, procedimientos cuestionables y negligencias m\u00e9dicas que ponen en riesgo la vida de pacientes indefensos.<\/p>\n<p>Con este nuevo caso, el grito de las madres se vuelve m\u00e1s fuerte:<\/p>\n<p>\u201cNuestros hijos no pueden seguir siendo v\u00edctimas de la negligencia del sistema de salud de Veracruz\u201d.<\/p>\n","protected":false},"excerpt":{"rendered":"<p>Xalapa, Ver.- La Secretar\u00eda de Salud de Veracruz (Sesver), el Hospital Civil de Xalapa y el propio gobierno del estado encabezado por la gobernadora Roc\u00edo Nahle Garc\u00eda, enfrentan severas denuncias por una cadena de omisiones, negligencias y malos tratos m\u00e9dicos que han puesto en riesgo la vida de una adolescente y una reci\u00e9n nacida, ambas [&hellip;]<\/p>\n","protected":false},"author":2476,"featured_media":70689,"comment_status":"open","ping_status":"open","sticky":false,"template":"","format":"standard","meta":{"_jetpack_memberships_contains_paid_content":false,"footnotes":""},"categories":[9],"tags":[],"class_list":["post-70687","post","type-post","status-publish","format-standard","has-post-thumbnail","hentry","category-salud"],"jetpack_featured_media_url":"https:\/\/encuentroinformativo.com.mx\/wp-content\/uploads\/2025\/09\/IMG-20250905-WA0093-1.jpg","jetpack_sharing_enabled":true,"jetpack_likes_enabled":true,"amp_enabled":true,"_links":{"self":[{"href":"https:\/\/encuentroinformativo.com.mx\/index.php?rest_route=\/wp\/v2\/posts\/70687","targetHints":{"allow":["GET"]}}],"collection":[{"href":"https:\/\/encuentroinformativo.com.mx\/index.php?rest_route=\/wp\/v2\/posts"}],"about":[{"href":"https:\/\/encuentroinformativo.com.mx\/index.php?rest_route=\/wp\/v2\/types\/post"}],"author":[{"embeddable":true,"href":"https:\/\/encuentroinformativo.com.mx\/index.php?rest_route=\/wp\/v2\/users\/2476"}],"replies":[{"embeddable":true,"href":"https:\/\/encuentroinformativo.com.mx\/index.php?rest_route=%2Fwp%2Fv2%2Fcomments&post=70687"}],"version-history":[{"count":1,"href":"https:\/\/encuentroinformativo.com.mx\/index.php?rest_route=\/wp\/v2\/posts\/70687\/revisions"}],"predecessor-version":[{"id":70690,"href":"https:\/\/encuentroinformativo.com.mx\/index.php?rest_route=\/wp\/v2\/posts\/70687\/revisions\/70690"}],"wp:featuredmedia":[{"embeddable":true,"href":"https:\/\/encuentroinformativo.com.mx\/index.php?rest_route=\/wp\/v2\/media\/70689"}],"wp:attachment":[{"href":"https:\/\/encuentroinformativo.com.mx\/index.php?rest_route=%2Fwp%2Fv2%2Fmedia&parent=70687"}],"wp:term":[{"taxonomy":"category","embeddable":true,"href":"https:\/\/encuentroinformativo.com.mx\/index.php?rest_route=%2Fwp%2Fv2%2Fcategories&post=70687"},{"taxonomy":"post_tag","embeddable":true,"href":"https:\/\/encuentroinformativo.com.mx\/index.php?rest_route=%2Fwp%2Fv2%2Ftags&post=70687"}],"curies":[{"name":"wp","href":"https:\/\/api.w.org\/{rel}","templated":true}]}}