{"id":70691,"date":"2025-09-05T12:42:24","date_gmt":"2025-09-05T18:42:24","guid":{"rendered":"https:\/\/encuentroinformativo.com.mx\/?p=70691"},"modified":"2025-09-05T12:42:24","modified_gmt":"2025-09-05T18:42:24","slug":"un-muerto-y-un-herido-de-gravedad-tras-accidente-en-carretera-veracruz-xalapa","status":"publish","type":"post","link":"https:\/\/encuentroinformativo.com.mx\/?p=70691","title":{"rendered":"Un muerto y un herido de gravedad tras accidente en carretera Veracruz &#8211; Xalapa"},"content":{"rendered":"<p><strong>Alejandro \u00c1vila<\/strong><\/p>\n<p>Veracruz, Ver.- Una persona fallecida y un herido de gravedad fue el saldo que dej\u00f3 un accidente de motocicleta la ma\u00f1ana de este viernes 5 de septiembre sobre la carretera federal Veracruz &#8211; Xalapa a la altura del puente Diverplaza.<\/p>\n<p>Los hechos ocurrieron alrededor de las 7 de la ma\u00f1ana sobre la mencionada arteria vial, justo debajo del puente que conecta con el fraccionamiento de R\u00edo Medio; hasta el momento no se han dado detalles de como sucedi\u00f3 el accidente, sin embargo, el muro de contenci\u00f3n que divide ambos carriles presenta varios impactos.<\/p>\n<p>Debido a esta situaci\u00f3n, elementos de la Polic\u00eda Estatal y Polic\u00eda Naval acordonaron la zona y la circulaci\u00f3n tuvo que ser cerrada aproximadamente dos horas, por lo que se gener\u00f3 un caos vial desde la entrada a Puerto Seco (zona portuaria) hasta la salida con rumbo a la caseta de La Antigua.<\/p>\n<p>Al momento las personas no han sido identificadas, pero param\u00e9dicos de la Cruz Roja pudieron constatar que uno de ellos ya no contaba con signos vitales, mientras que el otro fue trasladado a un hospital herido de gravedad.<\/p>\n","protected":false},"excerpt":{"rendered":"<p>Alejandro \u00c1vila Veracruz, Ver.- Una persona fallecida y un herido de gravedad fue el saldo que dej\u00f3 un accidente de motocicleta la ma\u00f1ana de este viernes 5 de septiembre sobre la carretera federal Veracruz &#8211; Xalapa a la altura del puente Diverplaza. Los hechos ocurrieron alrededor de las 7 de la ma\u00f1ana sobre la mencionada [&hellip;]<\/p>\n","protected":false},"author":2476,"featured_media":70692,"comment_status":"open","ping_status":"open","sticky":false,"template":"","format":"standard","meta":{"_jetpack_memberships_contains_paid_content":false,"footnotes":""},"categories":[2],"tags":[],"class_list":["post-70691","post","type-post","status-publish","format-standard","has-post-thumbnail","hentry","category-estado"],"jetpack_featured_media_url":"https:\/\/encuentroinformativo.com.mx\/wp-content\/uploads\/2025\/09\/IMG-20250905-WA0031.jpg","jetpack_sharing_enabled":true,"jetpack_likes_enabled":true,"amp_enabled":true,"_links":{"self":[{"href":"https:\/\/encuentroinformativo.com.mx\/index.php?rest_route=\/wp\/v2\/posts\/70691","targetHints":{"allow":["GET"]}}],"collection":[{"href":"https:\/\/encuentroinformativo.com.mx\/index.php?rest_route=\/wp\/v2\/posts"}],"about":[{"href":"https:\/\/encuentroinformativo.com.mx\/index.php?rest_route=\/wp\/v2\/types\/post"}],"author":[{"embeddable":true,"href":"https:\/\/encuentroinformativo.com.mx\/index.php?rest_route=\/wp\/v2\/users\/2476"}],"replies":[{"embeddable":true,"href":"https:\/\/encuentroinformativo.com.mx\/index.php?rest_route=%2Fwp%2Fv2%2Fcomments&post=70691"}],"version-history":[{"count":1,"href":"https:\/\/encuentroinformativo.com.mx\/index.php?rest_route=\/wp\/v2\/posts\/70691\/revisions"}],"predecessor-version":[{"id":70693,"href":"https:\/\/encuentroinformativo.com.mx\/index.php?rest_route=\/wp\/v2\/posts\/70691\/revisions\/70693"}],"wp:featuredmedia":[{"embeddable":true,"href":"https:\/\/encuentroinformativo.com.mx\/index.php?rest_route=\/wp\/v2\/media\/70692"}],"wp:attachment":[{"href":"https:\/\/encuentroinformativo.com.mx\/index.php?rest_route=%2Fwp%2Fv2%2Fmedia&parent=70691"}],"wp:term":[{"taxonomy":"category","embeddable":true,"href":"https:\/\/encuentroinformativo.com.mx\/index.php?rest_route=%2Fwp%2Fv2%2Fcategories&post=70691"},{"taxonomy":"post_tag","embeddable":true,"href":"https:\/\/encuentroinformativo.com.mx\/index.php?rest_route=%2Fwp%2Fv2%2Ftags&post=70691"}],"curies":[{"name":"wp","href":"https:\/\/api.w.org\/{rel}","templated":true}]}}