{"id":70700,"date":"2025-09-05T17:03:19","date_gmt":"2025-09-05T23:03:19","guid":{"rendered":"https:\/\/encuentroinformativo.com.mx\/?p=70700"},"modified":"2025-09-05T17:03:19","modified_gmt":"2025-09-05T23:03:19","slug":"acusan-a-la-sev-de-tomar-recursos-propios-de-la-normal-veracruzana","status":"publish","type":"post","link":"https:\/\/encuentroinformativo.com.mx\/?p=70700","title":{"rendered":"Acusan a la SEV de tomar recursos propios de la Normal Veracruzana"},"content":{"rendered":"<p><strong>Dar\u00edo Pale<\/strong><\/p>\n<p>Xalapa, Ver.- Denuncian que al intentar realizar el pago al personal por contrato, descubrieron que sus cuentas estaban vac\u00edas, esto en la Benem\u00e9rita Escuela Normal Veracruzana \u201cEnrique C. R\u00e9bsamen\u201d (BENV).<\/p>\n<p>En una de las instituciones m\u00e1s emblem\u00e1ticas en la formaci\u00f3n de docentes en el pa\u00eds, se qued\u00f3 sin fondos, aseguran fue una acci\u00f3n unilateral de la Secretar\u00eda de Educaci\u00f3n de Veracruz (SEV), que traslad\u00f3 el control de sus recursos a otra instituci\u00f3n bancaria sin previo aviso.<\/p>\n<p>Ante esta situaci\u00f3n, la BENV ha anunciado que realizar\u00e1 una serie de acciones p\u00fablicas para visibilizar el atropello sufrido y exigir respeto a su autonom\u00eda. La comunidad acad\u00e9mica, respaldada por estudiantes, egresados y sociedad civil, pide que se restablezca el control de sus recursos, y que se detengan las decisiones unilaterales que afectan el funcionamiento cotidiano de la escuela.<\/p>\n<p>\u201cLa Secretar\u00eda de Educaci\u00f3n de Veracruz retir\u00f3 recursos generados en nuestras \u00e1reas productivas sin previo aviso y sin explicaci\u00f3n. La Normal necesita transparencia y respeto\u201d, se\u00f1alaron.<\/p>\n<p>La comunidad acad\u00e9mica de la BENV se\u00f1ala que esta decisi\u00f3n, tomada sin di\u00e1logo, sin transparencia y sin autorizaci\u00f3n, representa la p\u00e9rdida de su autonom\u00eda financiera, una caracter\u00edstica que ha definido a la instituci\u00f3n desde hace d\u00e9cadas y que ha sido clave para su operatividad, independencia y calidad educativa.<\/p>\n<p>\u201cLa BENV es patrimonio de Veracruz y de M\u00e9xico. Defender su autonom\u00eda de gesti\u00f3n financiera es defender la educaci\u00f3n p\u00fablica y la formaci\u00f3n de docentes comprometidos\u201d, expresaron.<\/p>\n<p>La alarma se encendi\u00f3 cuando las autoridades de la Normal intentaron realizar los pagos a personal eventual, pero las cuentas institucionales no ten\u00edan los fondos disponibles y luego de una revisi\u00f3n, se descubri\u00f3 que la SEV hab\u00eda cambiado de manera unilateral la administraci\u00f3n de las cuentas a otra instituci\u00f3n bancaria, absorbiendo el control de los recursos que la propia BENV genera a trav\u00e9s de inscripciones a licenciaturas, maestr\u00edas y doctorados.<\/p>\n<p>\u201cLa BENV no recibe aportaciones de la SEV, pero s\u00ed pretende manejar lo que nuestra comunidad produce\u201d, lamentaron las autoridades escolares.<\/p>\n<p>Los recursos retirados, explican, no provienen de fondos estatales ni federales, sino del trabajo autogestivo y acad\u00e9mico de la propia comunidad normalista.<\/p>\n<p>Por ello, consideran que esta acci\u00f3n no s\u00f3lo es administrativa, sino una forma de centralizar injustamente los recursos y eliminar la capacidad de decisi\u00f3n de la instituci\u00f3n sobre sus propias finanzas.<\/p>\n<p>Los docentes subrayan que esta p\u00e9rdida de autonom\u00eda compromete el futuro de los proyectos acad\u00e9micos, afecta directamente a los trabajadores y pone en riesgo la estabilidad financiera de una instituci\u00f3n que ha dado generaciones de maestros a Veracruz y al pa\u00eds.<\/p>\n<p>\u201cNo permitamos que se les retire sin argumentos ni di\u00e1logo. Los recursos que genera la BENV son fruto del trabajo acad\u00e9mico y productivo de nuestra comunidad\u201d, reiteran los docentes.<\/p>\n<p>Adem\u00e1s del impacto interno, la comunidad normalista advierte que esta situaci\u00f3n deber\u00eda encender las alarmas de toda la sociedad, ya que representa un precedente preocupante para otras instituciones educativas que dependen de su autogesti\u00f3n para operar con libertad y eficiencia.<\/p>\n<p>Finalmente dieron a conocer que, \u201choy necesitamos el apoyo de la sociedad para defender nuestra autonom\u00eda financiera y exigir claridad en el manejo de los recursos. Esta escuela no es de un gobierno en turno: es de todas y todos los veracruzanos\u201d.<\/p>\n","protected":false},"excerpt":{"rendered":"<p>Dar\u00edo Pale Xalapa, Ver.- Denuncian que al intentar realizar el pago al personal por contrato, descubrieron que sus cuentas estaban vac\u00edas, esto en la Benem\u00e9rita Escuela Normal Veracruzana \u201cEnrique C. R\u00e9bsamen\u201d (BENV). En una de las instituciones m\u00e1s emblem\u00e1ticas en la formaci\u00f3n de docentes en el pa\u00eds, se qued\u00f3 sin fondos, aseguran fue una acci\u00f3n [&hellip;]<\/p>\n","protected":false},"author":2476,"featured_media":70701,"comment_status":"open","ping_status":"open","sticky":false,"template":"","format":"standard","meta":{"_jetpack_memberships_contains_paid_content":false,"footnotes":""},"categories":[2],"tags":[],"class_list":["post-70700","post","type-post","status-publish","format-standard","has-post-thumbnail","hentry","category-estado"],"jetpack_featured_media_url":"https:\/\/encuentroinformativo.com.mx\/wp-content\/uploads\/2025\/09\/IMG-20250905-WA01281.jpg","jetpack_sharing_enabled":true,"jetpack_likes_enabled":true,"amp_enabled":true,"_links":{"self":[{"href":"https:\/\/encuentroinformativo.com.mx\/index.php?rest_route=\/wp\/v2\/posts\/70700","targetHints":{"allow":["GET"]}}],"collection":[{"href":"https:\/\/encuentroinformativo.com.mx\/index.php?rest_route=\/wp\/v2\/posts"}],"about":[{"href":"https:\/\/encuentroinformativo.com.mx\/index.php?rest_route=\/wp\/v2\/types\/post"}],"author":[{"embeddable":true,"href":"https:\/\/encuentroinformativo.com.mx\/index.php?rest_route=\/wp\/v2\/users\/2476"}],"replies":[{"embeddable":true,"href":"https:\/\/encuentroinformativo.com.mx\/index.php?rest_route=%2Fwp%2Fv2%2Fcomments&post=70700"}],"version-history":[{"count":1,"href":"https:\/\/encuentroinformativo.com.mx\/index.php?rest_route=\/wp\/v2\/posts\/70700\/revisions"}],"predecessor-version":[{"id":70702,"href":"https:\/\/encuentroinformativo.com.mx\/index.php?rest_route=\/wp\/v2\/posts\/70700\/revisions\/70702"}],"wp:featuredmedia":[{"embeddable":true,"href":"https:\/\/encuentroinformativo.com.mx\/index.php?rest_route=\/wp\/v2\/media\/70701"}],"wp:attachment":[{"href":"https:\/\/encuentroinformativo.com.mx\/index.php?rest_route=%2Fwp%2Fv2%2Fmedia&parent=70700"}],"wp:term":[{"taxonomy":"category","embeddable":true,"href":"https:\/\/encuentroinformativo.com.mx\/index.php?rest_route=%2Fwp%2Fv2%2Fcategories&post=70700"},{"taxonomy":"post_tag","embeddable":true,"href":"https:\/\/encuentroinformativo.com.mx\/index.php?rest_route=%2Fwp%2Fv2%2Ftags&post=70700"}],"curies":[{"name":"wp","href":"https:\/\/api.w.org\/{rel}","templated":true}]}}