{"id":70703,"date":"2025-09-05T18:32:23","date_gmt":"2025-09-06T00:32:23","guid":{"rendered":"https:\/\/encuentroinformativo.com.mx\/?p=70703"},"modified":"2025-09-05T18:32:23","modified_gmt":"2025-09-06T00:32:23","slug":"se-trabajara-en-tema-de-mujeres-indigenas-magistrada-rosalba-hernandez","status":"publish","type":"post","link":"https:\/\/encuentroinformativo.com.mx\/?p=70703","title":{"rendered":"Se trabajar\u00e1 en tema de mujeres ind\u00edgenas: Magistrada Rosalba Hern\u00e1ndez"},"content":{"rendered":"<p><strong>Dar\u00edo Pale<\/strong><\/p>\n<p>Xalapa, Ver.- La magistrada presidenta del Poder Judicial de Veracruz (PJV), Rosalba Hern\u00e1ndez Hern\u00e1ndez dio a conocer que, \u201cya est\u00e1 justamente el reconocimiento como sujetos y tambi\u00e9n como sujetos de derecho p\u00fablico en el caso de las mujeres ind\u00edgenas, y ese va a ser un tema en el que vamos a trabajar nosotros bastante fuerte\u201d.<\/p>\n<p>Dio a conocer que en el mes de junio la gobernadora Norma Roc\u00edo Nahle Garc\u00eda, \u201cmand\u00f3 la iniciativa para armonizar la reforma del segundo constitucional federal al quinto de la constituci\u00f3n local, y entonces ya est\u00e1 justamente el reconocimiento como sujetos y tambi\u00e9n como sujetos de derecho p\u00fablico en el caso de las mujeres ind\u00edgenas\u201d.<\/p>\n<p>\u201cEse va a ser un tema en el que vamos a trabajar nosotros bastante fuerte, no digo, aparte de mi compromiso, mi pertenencia y la obligaci\u00f3n por supuesto que tenemos\u201d, se\u00f1al\u00f3.<\/p>\n<p>En lo que se refiere a las traductora y traductores dijo que, \u201cs\u00ed, en eso incluso nos vamos a sentar con los diferentes instantes que tienen a su cargo ese tema, en breve, ahorita estamos con el tema de la recepci\u00f3n, estamos un poquito con el tema de los lineamientos, porque la reforma cambi\u00f3 la estructura, funcionamiento del Poder Judicial y entonces tenemos que adecuar\u201d.<\/p>\n<p>En otro orden de ideas dio a conocer que van a trabajar de forma respetuosa y cordial, por lo que agradeci\u00f3 a la gobernadora Norma Roc\u00edo Nahle Garc\u00eda el que as\u00ed lo haya dispuesto al igual que al Congreso del estado con el cual est\u00e1n teniendo una estrecha vinculaci\u00f3n.<\/p>\n<p>\u201cLo que pasa es que los temas de la justicia tienen que ver con los tres poderes del estado, s\u00ed existe la separaci\u00f3n de poderes por supuesto, pero la verdad es que cuando la gente habla de justicia lo hablen en una dimensi\u00f3n mucho m\u00e1s amplia, incluso hay temas que nos plantean a nosotros que luego los tenemos que remitir a las \u00e1reas porque no nos corresponden y las que nos corresponden evidentemente nosotros las estamos trabajando\u201d, coment\u00f3.<\/p>\n<p>Finalmente dio a conocer que, \u201ces una relaci\u00f3n muy estrecha de coordinaci\u00f3n, de colaboraci\u00f3n, y pues, como se ha dicho, es para Veracruz, no para un sector o para alguien en particular, sino para el Estado de Veracruz\u201d.<\/p>\n","protected":false},"excerpt":{"rendered":"<p>Dar\u00edo Pale Xalapa, Ver.- La magistrada presidenta del Poder Judicial de Veracruz (PJV), Rosalba Hern\u00e1ndez Hern\u00e1ndez dio a conocer que, \u201cya est\u00e1 justamente el reconocimiento como sujetos y tambi\u00e9n como sujetos de derecho p\u00fablico en el caso de las mujeres ind\u00edgenas, y ese va a ser un tema en el que vamos a trabajar nosotros [&hellip;]<\/p>\n","protected":false},"author":2476,"featured_media":70704,"comment_status":"open","ping_status":"open","sticky":false,"template":"","format":"standard","meta":{"_jetpack_memberships_contains_paid_content":false,"footnotes":""},"categories":[2],"tags":[],"class_list":["post-70703","post","type-post","status-publish","format-standard","has-post-thumbnail","hentry","category-estado"],"jetpack_featured_media_url":"https:\/\/encuentroinformativo.com.mx\/wp-content\/uploads\/2025\/09\/IMG-20250905-WA01621.jpg","jetpack_sharing_enabled":true,"jetpack_likes_enabled":true,"amp_enabled":true,"_links":{"self":[{"href":"https:\/\/encuentroinformativo.com.mx\/index.php?rest_route=\/wp\/v2\/posts\/70703","targetHints":{"allow":["GET"]}}],"collection":[{"href":"https:\/\/encuentroinformativo.com.mx\/index.php?rest_route=\/wp\/v2\/posts"}],"about":[{"href":"https:\/\/encuentroinformativo.com.mx\/index.php?rest_route=\/wp\/v2\/types\/post"}],"author":[{"embeddable":true,"href":"https:\/\/encuentroinformativo.com.mx\/index.php?rest_route=\/wp\/v2\/users\/2476"}],"replies":[{"embeddable":true,"href":"https:\/\/encuentroinformativo.com.mx\/index.php?rest_route=%2Fwp%2Fv2%2Fcomments&post=70703"}],"version-history":[{"count":1,"href":"https:\/\/encuentroinformativo.com.mx\/index.php?rest_route=\/wp\/v2\/posts\/70703\/revisions"}],"predecessor-version":[{"id":70705,"href":"https:\/\/encuentroinformativo.com.mx\/index.php?rest_route=\/wp\/v2\/posts\/70703\/revisions\/70705"}],"wp:featuredmedia":[{"embeddable":true,"href":"https:\/\/encuentroinformativo.com.mx\/index.php?rest_route=\/wp\/v2\/media\/70704"}],"wp:attachment":[{"href":"https:\/\/encuentroinformativo.com.mx\/index.php?rest_route=%2Fwp%2Fv2%2Fmedia&parent=70703"}],"wp:term":[{"taxonomy":"category","embeddable":true,"href":"https:\/\/encuentroinformativo.com.mx\/index.php?rest_route=%2Fwp%2Fv2%2Fcategories&post=70703"},{"taxonomy":"post_tag","embeddable":true,"href":"https:\/\/encuentroinformativo.com.mx\/index.php?rest_route=%2Fwp%2Fv2%2Ftags&post=70703"}],"curies":[{"name":"wp","href":"https:\/\/api.w.org\/{rel}","templated":true}]}}