{"id":70717,"date":"2025-09-06T17:23:41","date_gmt":"2025-09-06T23:23:41","guid":{"rendered":"https:\/\/encuentroinformativo.com.mx\/?p=70717"},"modified":"2025-09-06T17:23:41","modified_gmt":"2025-09-06T23:23:41","slug":"en-funcionamiento-comedor-universitario-de-caritas","status":"publish","type":"post","link":"https:\/\/encuentroinformativo.com.mx\/?p=70717","title":{"rendered":"En funcionamiento comedor universitario de C\u00e1ritas"},"content":{"rendered":"<p><strong>Dar\u00edo Pale<\/strong><\/p>\n<p>Xalapa, Ver.- Ya est\u00e1 en servicio el comedor universitario de C\u00e1ritas Parroquial de San Isidro, esto con el prop\u00f3sito de cumplir el mandato de Jesucristo de servir a los dem\u00e1s y como homenaje a la memoria del Cardenal Sergio Obeso Rivera, as\u00ed lo inform\u00f3 el padre Juan Beristain de los Santos, vocero de la Arquidi\u00f3cesis de Xalapa, a trav\u00e9s de sus redes sociales.<\/p>\n<p>Por lo que integrantes de C\u00e1ritas Parroquial de San Isidro de Xalapa, con el respaldo de do\u00f1a Lolita Obeso, puso en marcha un comedor para estudiantes de la Facultad Humanidades en situaci\u00f3n de necesidad.<\/p>\n<p>El comedor inici\u00f3 actividades el pasado 1 de septiembre, brindando atenci\u00f3n a 20 j\u00f3venes, de lunes a viernes, en un horario de 2:00 a 4:00 de la tarde. Se ubica en San Roque #8, Col. Centro, al interior de la parroquia en Xalapa.<\/p>\n<p>Adem\u00e1s de los alimentos, dijo, los estudiantes contar\u00e1n con un espacio de acompa\u00f1amiento que incluir\u00e1 servicio de caf\u00e9 e internet, con el fin de que realicen sus tareas en un ambiente seguro y fraterno.<\/p>\n<p>Finalmente se\u00f1ala en su mensaje, \u201clos esperamos aqu\u00ed en la parroquia de San Isidro Labrador, para honrar a Cristo que nos invita a servir a los dem\u00e1s\u201d.<\/p>\n","protected":false},"excerpt":{"rendered":"<p>Dar\u00edo Pale Xalapa, Ver.- Ya est\u00e1 en servicio el comedor universitario de C\u00e1ritas Parroquial de San Isidro, esto con el prop\u00f3sito de cumplir el mandato de Jesucristo de servir a los dem\u00e1s y como homenaje a la memoria del Cardenal Sergio Obeso Rivera, as\u00ed lo inform\u00f3 el padre Juan Beristain de los Santos, vocero de [&hellip;]<\/p>\n","protected":false},"author":2476,"featured_media":70718,"comment_status":"open","ping_status":"open","sticky":false,"template":"","format":"standard","meta":{"_jetpack_memberships_contains_paid_content":false,"footnotes":""},"categories":[3],"tags":[],"class_list":["post-70717","post","type-post","status-publish","format-standard","has-post-thumbnail","hentry","category-xalapa"],"jetpack_featured_media_url":"https:\/\/encuentroinformativo.com.mx\/wp-content\/uploads\/2025\/09\/IMG-20250906-WA0297.jpg","jetpack_sharing_enabled":true,"jetpack_likes_enabled":true,"amp_enabled":true,"_links":{"self":[{"href":"https:\/\/encuentroinformativo.com.mx\/index.php?rest_route=\/wp\/v2\/posts\/70717","targetHints":{"allow":["GET"]}}],"collection":[{"href":"https:\/\/encuentroinformativo.com.mx\/index.php?rest_route=\/wp\/v2\/posts"}],"about":[{"href":"https:\/\/encuentroinformativo.com.mx\/index.php?rest_route=\/wp\/v2\/types\/post"}],"author":[{"embeddable":true,"href":"https:\/\/encuentroinformativo.com.mx\/index.php?rest_route=\/wp\/v2\/users\/2476"}],"replies":[{"embeddable":true,"href":"https:\/\/encuentroinformativo.com.mx\/index.php?rest_route=%2Fwp%2Fv2%2Fcomments&post=70717"}],"version-history":[{"count":1,"href":"https:\/\/encuentroinformativo.com.mx\/index.php?rest_route=\/wp\/v2\/posts\/70717\/revisions"}],"predecessor-version":[{"id":70719,"href":"https:\/\/encuentroinformativo.com.mx\/index.php?rest_route=\/wp\/v2\/posts\/70717\/revisions\/70719"}],"wp:featuredmedia":[{"embeddable":true,"href":"https:\/\/encuentroinformativo.com.mx\/index.php?rest_route=\/wp\/v2\/media\/70718"}],"wp:attachment":[{"href":"https:\/\/encuentroinformativo.com.mx\/index.php?rest_route=%2Fwp%2Fv2%2Fmedia&parent=70717"}],"wp:term":[{"taxonomy":"category","embeddable":true,"href":"https:\/\/encuentroinformativo.com.mx\/index.php?rest_route=%2Fwp%2Fv2%2Fcategories&post=70717"},{"taxonomy":"post_tag","embeddable":true,"href":"https:\/\/encuentroinformativo.com.mx\/index.php?rest_route=%2Fwp%2Fv2%2Ftags&post=70717"}],"curies":[{"name":"wp","href":"https:\/\/api.w.org\/{rel}","templated":true}]}}