{"id":7072,"date":"2020-10-19T15:48:35","date_gmt":"2020-10-19T20:48:35","guid":{"rendered":"https:\/\/encuentroinformativo.com.mx\/?p=7072"},"modified":"2020-10-19T15:48:38","modified_gmt":"2020-10-19T20:48:38","slug":"defienden-telefonistas-su-contrato-colectivo","status":"publish","type":"post","link":"https:\/\/encuentroinformativo.com.mx\/?p=7072","title":{"rendered":"Defienden telefonistas su contrato colectivo"},"content":{"rendered":"\n<p><strong>Juan Arcos <\/strong><\/p>\n\n\n\n<p>Xalapa, Ver.- Jubilados de Tel\u00e9fonos de M\u00e9xico (Telmex) denunciaron que son considerados por la empresa como un \u201cpasivo laboral\u201d.<\/p>\n\n\n\n<p>Un grupo de ellos protest\u00f3 frente a Palacio de Gobierno para defender su contrato colectivo de trabajo, mismo que contempla el fondo de jubilaci\u00f3n.<\/p>\n\n\n\n<p>De acuerdo con H\u00e9ctor Amaro Salazar, uno de los jubilados, la empresa podr\u00eda desaparecer el \u201cpasivo laboral\u201d, por lo que la pensi\u00f3n de los jubilados estar\u00eda en riesgo.<\/p>\n\n\n\n<p>\u201cSi el objeto de la empresa es desaparecer el pasivo laboral es grave y por eso estamos manifest\u00e1ndonos. Est\u00e1 nuestra pensi\u00f3n, nuestra jubilaci\u00f3n, en el contrato colectivo de trabajo\u201d.<\/p>\n\n\n\n<p>Record\u00f3 que Carlos Slim, due\u00f1o de Telmex y otras empresas de telecomunicaciones, ha sido el hombre m\u00e1s rico del mundo, gracias al esfuerzo de los trabajadores.<\/p>\n\n\n\n<p>\u201cSi no invierte, hoy se queja, hace unos d\u00edas se quejaba de que se est\u00e1 perdiendo internet por parte de tel\u00e9fonos de M\u00e9xico, pero yo preguntar\u00eda: \u00bfsi a tu negocio no le inviertes, vas a obtener ganancias?, no, necesitamos que la empresa vuelva a invertir en Tel\u00e9fonos de M\u00e9xico, vuelva a hacer contrataciones de trabajadores, vuelva a cubrir las necesidades de la gente\u201d.<\/p>\n\n\n\n<p>Amaro Salazar indic\u00f3 en Xalapa son alrededor de 500 telefonistas: m\u00e1s de 250 jubilados y poco m\u00e1s de 240 empleados activos.<\/p>\n\n\n\n<p>\u201cNo es que la gente no se quiera jubilar, si ves la edad de los compa\u00f1eros ya merecen descanso. Esto se da porque la empresa no ha contratado personal, por eso aumentan los jubilados en relaci\u00f3n a los activos, pero lo grave de esto es que de ah\u00ed se agarren para tratar de aniquilar nuestro contrato colectivo de trabajo\u201d.<\/p>\n\n\n\n<p>Telmex deber\u00e1 solucionar el problema por el \u201cpasivo laboral\u201d en este mes de octubre y, por ello, los trabajadores, adheridos a la secci\u00f3n 17 del Sindicato de Telefonistas de la Rep\u00fablica Mexicana (STRM), continuar\u00e1n manifest\u00e1ndose.<\/p>\n","protected":false},"excerpt":{"rendered":"<p>Juan Arcos Xalapa, Ver.- Jubilados de Tel\u00e9fonos de M\u00e9xico (Telmex) denunciaron que son considerados por la empresa como un \u201cpasivo laboral\u201d. Un grupo de ellos protest\u00f3 frente a Palacio de Gobierno para defender su contrato colectivo de trabajo, mismo que contempla el fondo de jubilaci\u00f3n. De acuerdo con H\u00e9ctor Amaro Salazar, uno de los jubilados, [&hellip;]<\/p>\n","protected":false},"author":1,"featured_media":7073,"comment_status":"open","ping_status":"open","sticky":false,"template":"","format":"standard","meta":{"_jetpack_memberships_contains_paid_content":false,"footnotes":""},"categories":[3],"tags":[],"class_list":["post-7072","post","type-post","status-publish","format-standard","has-post-thumbnail","hentry","category-xalapa"],"jetpack_featured_media_url":"https:\/\/encuentroinformativo.com.mx\/wp-content\/uploads\/2020\/10\/2A70ED6C-47A2-4428-AA8B-A87D94D10BCE.jpeg","jetpack_sharing_enabled":true,"jetpack_likes_enabled":true,"amp_enabled":true,"_links":{"self":[{"href":"https:\/\/encuentroinformativo.com.mx\/index.php?rest_route=\/wp\/v2\/posts\/7072","targetHints":{"allow":["GET"]}}],"collection":[{"href":"https:\/\/encuentroinformativo.com.mx\/index.php?rest_route=\/wp\/v2\/posts"}],"about":[{"href":"https:\/\/encuentroinformativo.com.mx\/index.php?rest_route=\/wp\/v2\/types\/post"}],"author":[{"embeddable":true,"href":"https:\/\/encuentroinformativo.com.mx\/index.php?rest_route=\/wp\/v2\/users\/1"}],"replies":[{"embeddable":true,"href":"https:\/\/encuentroinformativo.com.mx\/index.php?rest_route=%2Fwp%2Fv2%2Fcomments&post=7072"}],"version-history":[{"count":1,"href":"https:\/\/encuentroinformativo.com.mx\/index.php?rest_route=\/wp\/v2\/posts\/7072\/revisions"}],"predecessor-version":[{"id":7074,"href":"https:\/\/encuentroinformativo.com.mx\/index.php?rest_route=\/wp\/v2\/posts\/7072\/revisions\/7074"}],"wp:featuredmedia":[{"embeddable":true,"href":"https:\/\/encuentroinformativo.com.mx\/index.php?rest_route=\/wp\/v2\/media\/7073"}],"wp:attachment":[{"href":"https:\/\/encuentroinformativo.com.mx\/index.php?rest_route=%2Fwp%2Fv2%2Fmedia&parent=7072"}],"wp:term":[{"taxonomy":"category","embeddable":true,"href":"https:\/\/encuentroinformativo.com.mx\/index.php?rest_route=%2Fwp%2Fv2%2Fcategories&post=7072"},{"taxonomy":"post_tag","embeddable":true,"href":"https:\/\/encuentroinformativo.com.mx\/index.php?rest_route=%2Fwp%2Fv2%2Ftags&post=7072"}],"curies":[{"name":"wp","href":"https:\/\/api.w.org\/{rel}","templated":true}]}}