{"id":70727,"date":"2025-09-07T15:30:46","date_gmt":"2025-09-07T21:30:46","guid":{"rendered":"https:\/\/encuentroinformativo.com.mx\/?p=70727"},"modified":"2025-09-07T15:30:46","modified_gmt":"2025-09-07T21:30:46","slug":"presentaran-en-festival-de-cine-de-morelia-pelicula-grabada-en-san-andres-tuxtla-y-catemaco","status":"publish","type":"post","link":"https:\/\/encuentroinformativo.com.mx\/?p=70727","title":{"rendered":"Presentar\u00e1n en Festival de Cine de Morelia pel\u00edcula grabada en San Andr\u00e9s Tuxtla y Catemaco"},"content":{"rendered":"<p><strong>Alejandro \u00c1vila<\/strong><\/p>\n<p>Veracruz, Ver.- En la edici\u00f3n 23 del Festival Internacional de Cine de Morelia (FICM) que se realizar\u00e1 del 10 al 19 de octubre del presente a\u00f1o ser\u00e1 expuesta la pel\u00edcula &#8220;En La Quietud de la Noche&#8221;, cinta que tuvo como locaci\u00f3n los municipios de San Andr\u00e9s Tuxtla y Catemaco.<\/p>\n<p>El director de la pel\u00edcula es Ar\u00edstides Mantilla y tiene entre sus protagonistas a Yalitza Aparicio y Jes\u00fas Ochoa, la trama de la cinta est\u00e1 ambientada en el D\u00eda de Muertos.<\/p>\n<p>La historia aborda el reencuentro entre un ni\u00f1o (Leonardo Najar) y su abuelo (Jes\u00fas Ochoa) durante esta festividad. Yalitza Aparicio interpreta a Frida, madre del peque\u00f1o, mientras que Memo Villegas da vida al padre, Mateo.<\/p>\n<p>Mantilla, reconocido por Ay, mi vida e Ikigai, refuerza con este proyecto su inter\u00e9s en relatos que entrelazan memoria y tradici\u00f3n, acompa\u00f1ado por un elenco que refleja la fuerza del cine mexicano contempor\u00e1neo.<\/p>\n","protected":false},"excerpt":{"rendered":"<p>Alejandro \u00c1vila Veracruz, Ver.- En la edici\u00f3n 23 del Festival Internacional de Cine de Morelia (FICM) que se realizar\u00e1 del 10 al 19 de octubre del presente a\u00f1o ser\u00e1 expuesta la pel\u00edcula &#8220;En La Quietud de la Noche&#8221;, cinta que tuvo como locaci\u00f3n los municipios de San Andr\u00e9s Tuxtla y Catemaco. El director de la [&hellip;]<\/p>\n","protected":false},"author":2476,"featured_media":70730,"comment_status":"open","ping_status":"open","sticky":false,"template":"","format":"standard","meta":{"_jetpack_memberships_contains_paid_content":false,"footnotes":""},"categories":[2],"tags":[],"class_list":["post-70727","post","type-post","status-publish","format-standard","has-post-thumbnail","hentry","category-estado"],"jetpack_featured_media_url":"https:\/\/encuentroinformativo.com.mx\/wp-content\/uploads\/2025\/09\/IMG-20250907-WA01492.jpg","jetpack_sharing_enabled":true,"jetpack_likes_enabled":true,"amp_enabled":true,"_links":{"self":[{"href":"https:\/\/encuentroinformativo.com.mx\/index.php?rest_route=\/wp\/v2\/posts\/70727","targetHints":{"allow":["GET"]}}],"collection":[{"href":"https:\/\/encuentroinformativo.com.mx\/index.php?rest_route=\/wp\/v2\/posts"}],"about":[{"href":"https:\/\/encuentroinformativo.com.mx\/index.php?rest_route=\/wp\/v2\/types\/post"}],"author":[{"embeddable":true,"href":"https:\/\/encuentroinformativo.com.mx\/index.php?rest_route=\/wp\/v2\/users\/2476"}],"replies":[{"embeddable":true,"href":"https:\/\/encuentroinformativo.com.mx\/index.php?rest_route=%2Fwp%2Fv2%2Fcomments&post=70727"}],"version-history":[{"count":1,"href":"https:\/\/encuentroinformativo.com.mx\/index.php?rest_route=\/wp\/v2\/posts\/70727\/revisions"}],"predecessor-version":[{"id":70729,"href":"https:\/\/encuentroinformativo.com.mx\/index.php?rest_route=\/wp\/v2\/posts\/70727\/revisions\/70729"}],"wp:featuredmedia":[{"embeddable":true,"href":"https:\/\/encuentroinformativo.com.mx\/index.php?rest_route=\/wp\/v2\/media\/70730"}],"wp:attachment":[{"href":"https:\/\/encuentroinformativo.com.mx\/index.php?rest_route=%2Fwp%2Fv2%2Fmedia&parent=70727"}],"wp:term":[{"taxonomy":"category","embeddable":true,"href":"https:\/\/encuentroinformativo.com.mx\/index.php?rest_route=%2Fwp%2Fv2%2Fcategories&post=70727"},{"taxonomy":"post_tag","embeddable":true,"href":"https:\/\/encuentroinformativo.com.mx\/index.php?rest_route=%2Fwp%2Fv2%2Ftags&post=70727"}],"curies":[{"name":"wp","href":"https:\/\/api.w.org\/{rel}","templated":true}]}}