{"id":70731,"date":"2025-09-07T16:17:30","date_gmt":"2025-09-07T22:17:30","guid":{"rendered":"https:\/\/encuentroinformativo.com.mx\/?p=70731"},"modified":"2025-09-07T16:17:30","modified_gmt":"2025-09-07T22:17:30","slug":"festeja-la-chupitos-30-anos-de-carrera-con-show-de-fiestas-patrias-en-veracruz","status":"publish","type":"post","link":"https:\/\/encuentroinformativo.com.mx\/?p=70731","title":{"rendered":"Festeja \u201cLa Chupitos\u201d 30 a\u00f1os de carrera con show de Fiestas Patrias en Veracruz"},"content":{"rendered":"<p><strong>Alejandro \u00c1vila<\/strong><\/p>\n<p>Veracruz, Ver.- El pr\u00f3ximo 15 de septiembre, la actriz y comediante, Liliana Arriaga &#8220;La Chupitos&#8221;, festejar\u00e1 30 a\u00f1os de trayectoria con un show de Fiestas Patrias en Veracruz; d\u00f3nde tendr\u00e1s como invitados a influencers y comediantes jarochos.<\/p>\n<p>Espect\u00e1culos Excellence Veracruz, confirm\u00f3 la celebraci\u00f3n del 15 de septiembre con el show estelar de Liliana Arriaga \u201cLa Chupitos\u201d, adem\u00e1s de El Jarocho Show; El Kechechente Fern\u00e1ndez y para bailar el cantante Gerry.<\/p>\n<p>Conectada v\u00eda zoom, \u201cLa Chupitos\u201d coment\u00f3 estar emocionada de presentar su espect\u00e1culo en Veracruz en este d\u00eda tan especial de las Fiestas Patrias, en donde los asistentes no papar\u00e1n de re\u00edr con los sketchs que ha preparado.<\/p>\n<p>\u201cNos vamos a divertir mucho en esta noche, vamos a chupar hasta que el cuerpo aguante, vamos a re\u00edr y a bailar y gritar \u00a1Viva M\u00e9xico! No dejen de asistir por que nos la vamos a pasar chin%&amp;n\u201d, expres\u00f3 locuazmente \u201cLa Chupitos\u201d.<\/p>\n<p>Liliana Arriaga expres\u00f3 que est\u00e1 celebrando 30 a\u00f1os personificando a \u201cLa Chupitos\u201d, agradeciendo la preferencia y el cari\u00f1o del p\u00fablico.<\/p>\n<p>Por su parte, de manera presencial, V\u00edctor S\u00e1nchez \u201cEl Jarocho Show\u201d confirm\u00f3 que ser\u00e1n m\u00e1s de 5 horas de diversi\u00f3n continua, de m\u00fasica y disfrutar de un espl\u00e9ndido buffet de antojitos mexicanos.<\/p>\n<p>Tambi\u00e9n en la conferencia de prensa los creadores de contenido \u201cRoxana Buscamante\u201d, Do\u00f1a Liz y Kike, quienes estar\u00e1n presentes como invitados especiales la noche del evento en el sal\u00f3n Baalbek. Y a trav\u00e9s de un video El Kechechente Fern\u00e1ndez tambi\u00e9n se hizo presente.<\/p>\n<p>La cita es el lunes 15 de septiembre en el sal\u00f3n Baalbek (Bv. Adolfo Ru\u00edz Cortines 300, Costa Verde) a partir de las 8 de la noche.<\/p>\n","protected":false},"excerpt":{"rendered":"<p>Alejandro \u00c1vila Veracruz, Ver.- El pr\u00f3ximo 15 de septiembre, la actriz y comediante, Liliana Arriaga &#8220;La Chupitos&#8221;, festejar\u00e1 30 a\u00f1os de trayectoria con un show de Fiestas Patrias en Veracruz; d\u00f3nde tendr\u00e1s como invitados a influencers y comediantes jarochos. Espect\u00e1culos Excellence Veracruz, confirm\u00f3 la celebraci\u00f3n del 15 de septiembre con el show estelar de Liliana [&hellip;]<\/p>\n","protected":false},"author":2476,"featured_media":70732,"comment_status":"open","ping_status":"open","sticky":false,"template":"","format":"standard","meta":{"_jetpack_memberships_contains_paid_content":false,"footnotes":""},"categories":[2],"tags":[],"class_list":["post-70731","post","type-post","status-publish","format-standard","has-post-thumbnail","hentry","category-estado"],"jetpack_featured_media_url":"https:\/\/encuentroinformativo.com.mx\/wp-content\/uploads\/2025\/09\/IMG-20250907-WA0165.jpg","jetpack_sharing_enabled":true,"jetpack_likes_enabled":true,"amp_enabled":true,"_links":{"self":[{"href":"https:\/\/encuentroinformativo.com.mx\/index.php?rest_route=\/wp\/v2\/posts\/70731","targetHints":{"allow":["GET"]}}],"collection":[{"href":"https:\/\/encuentroinformativo.com.mx\/index.php?rest_route=\/wp\/v2\/posts"}],"about":[{"href":"https:\/\/encuentroinformativo.com.mx\/index.php?rest_route=\/wp\/v2\/types\/post"}],"author":[{"embeddable":true,"href":"https:\/\/encuentroinformativo.com.mx\/index.php?rest_route=\/wp\/v2\/users\/2476"}],"replies":[{"embeddable":true,"href":"https:\/\/encuentroinformativo.com.mx\/index.php?rest_route=%2Fwp%2Fv2%2Fcomments&post=70731"}],"version-history":[{"count":1,"href":"https:\/\/encuentroinformativo.com.mx\/index.php?rest_route=\/wp\/v2\/posts\/70731\/revisions"}],"predecessor-version":[{"id":70733,"href":"https:\/\/encuentroinformativo.com.mx\/index.php?rest_route=\/wp\/v2\/posts\/70731\/revisions\/70733"}],"wp:featuredmedia":[{"embeddable":true,"href":"https:\/\/encuentroinformativo.com.mx\/index.php?rest_route=\/wp\/v2\/media\/70732"}],"wp:attachment":[{"href":"https:\/\/encuentroinformativo.com.mx\/index.php?rest_route=%2Fwp%2Fv2%2Fmedia&parent=70731"}],"wp:term":[{"taxonomy":"category","embeddable":true,"href":"https:\/\/encuentroinformativo.com.mx\/index.php?rest_route=%2Fwp%2Fv2%2Fcategories&post=70731"},{"taxonomy":"post_tag","embeddable":true,"href":"https:\/\/encuentroinformativo.com.mx\/index.php?rest_route=%2Fwp%2Fv2%2Ftags&post=70731"}],"curies":[{"name":"wp","href":"https:\/\/api.w.org\/{rel}","templated":true}]}}