{"id":70734,"date":"2025-09-07T18:49:08","date_gmt":"2025-09-08T00:49:08","guid":{"rendered":"https:\/\/encuentroinformativo.com.mx\/?p=70734"},"modified":"2025-09-07T18:49:08","modified_gmt":"2025-09-08T00:49:08","slug":"dan-el-ultimo-adios-a-danna-asesinada-en-nuevo-leon-minatitlecos-piden-justicia","status":"publish","type":"post","link":"https:\/\/encuentroinformativo.com.mx\/?p=70734","title":{"rendered":"Dan el \u00faltimo adi\u00f3s a Danna; asesinada en Nuevo Le\u00f3n; minatitlecos piden justicia"},"content":{"rendered":"<p><strong>* Su cuerpo fue sepultada en el pante\u00f3n de Mapachapa, en Minatitl\u00e1n, donde vivi\u00f3 sus primeros tres a\u00f1os.<\/strong><\/p>\n<p><strong>Fluvio Cesar Mart\u00ednez<\/strong><\/p>\n<p>Minatitl\u00e1n, Ver. &#8211; \u201cElla era un angelito que apenas comenzaba a vivir su vida, justicia para Danna\u201d, es el grito que expresaron decenas de pobladores, que participaron en el funeral de la peque\u00f1a Danna, de cuatro a\u00f1os, asesinada en el municipio de Zuazua, Nuevo Le\u00f3n, el pasado lunes primero de septiembre.<\/p>\n<p>La ma\u00f1ana de este domingo siete, fue sepultada en el pante\u00f3n municipal de Mapachapa, en Minatitl\u00e1n, al sur del estado de Veracruz, en un ambiente de tristeza, consternaci\u00f3n e impotencia.<\/p>\n<p>Gracias al apoyo de la poblaci\u00f3n y la autoridad municipal de Minatitl\u00e1n, el cuerpo de Danna regres\u00f3, antes del mediod\u00eda del s\u00e1bado y fue velada por casi 24 horas, en el numero 26 de la calle Agust\u00edn Melgar, de la colonia Play\u00f3n Sur.<\/p>\n<p>Familiares y amigos, acompa\u00f1aron a la se\u00f1ora Mar\u00eda del Carmen G\u00f3mez, su abuela, quien la cuid\u00f3 desde que naci\u00f3, hasta hace cinco meses, cuando su madre decidi\u00f3 llev\u00e1rsela al norte del pa\u00eds donde lamentablemente fue asesinada.<\/p>\n<p>\u201cLe doy gracias a todos que me haya apoyado, para traerla, a tanto a la autoridad municipal y al pueblo y es lo \u00fanico que les puedo decir, darle las gracias a todo mundo\u201d, expres\u00f3 Mar\u00eda del Carmen.<\/p>\n<p>*Mar\u00eda llora por su nieta y le preocupa su hija que esta detenida con el feminicida*<\/p>\n<p>Mar\u00eda, tiene sentimientos encontrados: llora por la muerte de su nieta y por otro lado no sabe qu\u00e9 pasar\u00e1 con Rosa Aurora, la madre de Danna, quien, junto a Jorge, presunto feminicida, est\u00e1n detenidos en nuevo le\u00f3n.<\/p>\n<p>La autopsia, realizada por la fiscal\u00eda de Nuevo Le\u00f3n, revel\u00f3 que el cuerpo presentaba contusi\u00f3n profunda de cr\u00e1neo, t\u00f3rax y abdomen. Adem\u00e1s de tener indicios de maltrato infantil.<\/p>\n<p>Rosa Aurora y Jorge \u201cN\u201d, fueron internados en un penal de Nuevo Le\u00f3n, luego de que un juez legaliz\u00f3 su detenci\u00f3n.<\/p>\n<p>\u201cSi me duele y quiero justicia para mi nieta, pero es mi hija, y aunque no quiera, mi hija tambi\u00e9n me duele, pero si ella tiene culpa lo tiene que pagar, porque es su hija tambi\u00e9n\u201d, dice Mar\u00eda con l\u00e1grimas.<\/p>\n<p>*\u201dJusticia para Danna\u201d: gritan en el funeral*<\/p>\n<p>La triste historia de Danna, uni\u00f3 a decenas de pobladores, autoridades municipales y medios de comunicaci\u00f3n.<\/p>\n<p>Decenas minatitlecos y habitantes del sur de Veracruz, acompa\u00f1aron al cortejo f\u00fanebre, todos sum\u00e1ndose a la exigencia de justicia.<\/p>\n<p>En un peque\u00f1o ata\u00fad de madera color blanco, qued\u00f3 sepultada en el pante\u00f3n municipal de Mapachapa, donde su abuela, podr\u00e1 visitarla y llorarle.<\/p>\n<p>\u201cJusticia para Danna, justicia\u201d, gritaron y aplaudieron los minatitlecos en el pante\u00f3n.<\/p>\n","protected":false},"excerpt":{"rendered":"<p>* Su cuerpo fue sepultada en el pante\u00f3n de Mapachapa, en Minatitl\u00e1n, donde vivi\u00f3 sus primeros tres a\u00f1os. Fluvio Cesar Mart\u00ednez Minatitl\u00e1n, Ver. &#8211; \u201cElla era un angelito que apenas comenzaba a vivir su vida, justicia para Danna\u201d, es el grito que expresaron decenas de pobladores, que participaron en el funeral de la peque\u00f1a Danna, [&hellip;]<\/p>\n","protected":false},"author":2476,"featured_media":70735,"comment_status":"open","ping_status":"open","sticky":false,"template":"","format":"standard","meta":{"_jetpack_memberships_contains_paid_content":false,"footnotes":""},"categories":[2],"tags":[],"class_list":["post-70734","post","type-post","status-publish","format-standard","has-post-thumbnail","hentry","category-estado"],"jetpack_featured_media_url":"https:\/\/encuentroinformativo.com.mx\/wp-content\/uploads\/2025\/09\/IMG-20250907-WA0191.jpg","jetpack_sharing_enabled":true,"jetpack_likes_enabled":true,"amp_enabled":true,"_links":{"self":[{"href":"https:\/\/encuentroinformativo.com.mx\/index.php?rest_route=\/wp\/v2\/posts\/70734","targetHints":{"allow":["GET"]}}],"collection":[{"href":"https:\/\/encuentroinformativo.com.mx\/index.php?rest_route=\/wp\/v2\/posts"}],"about":[{"href":"https:\/\/encuentroinformativo.com.mx\/index.php?rest_route=\/wp\/v2\/types\/post"}],"author":[{"embeddable":true,"href":"https:\/\/encuentroinformativo.com.mx\/index.php?rest_route=\/wp\/v2\/users\/2476"}],"replies":[{"embeddable":true,"href":"https:\/\/encuentroinformativo.com.mx\/index.php?rest_route=%2Fwp%2Fv2%2Fcomments&post=70734"}],"version-history":[{"count":1,"href":"https:\/\/encuentroinformativo.com.mx\/index.php?rest_route=\/wp\/v2\/posts\/70734\/revisions"}],"predecessor-version":[{"id":70736,"href":"https:\/\/encuentroinformativo.com.mx\/index.php?rest_route=\/wp\/v2\/posts\/70734\/revisions\/70736"}],"wp:featuredmedia":[{"embeddable":true,"href":"https:\/\/encuentroinformativo.com.mx\/index.php?rest_route=\/wp\/v2\/media\/70735"}],"wp:attachment":[{"href":"https:\/\/encuentroinformativo.com.mx\/index.php?rest_route=%2Fwp%2Fv2%2Fmedia&parent=70734"}],"wp:term":[{"taxonomy":"category","embeddable":true,"href":"https:\/\/encuentroinformativo.com.mx\/index.php?rest_route=%2Fwp%2Fv2%2Fcategories&post=70734"},{"taxonomy":"post_tag","embeddable":true,"href":"https:\/\/encuentroinformativo.com.mx\/index.php?rest_route=%2Fwp%2Fv2%2Ftags&post=70734"}],"curies":[{"name":"wp","href":"https:\/\/api.w.org\/{rel}","templated":true}]}}