{"id":70748,"date":"2025-09-08T12:27:08","date_gmt":"2025-09-08T18:27:08","guid":{"rendered":"https:\/\/encuentroinformativo.com.mx\/?p=70748"},"modified":"2025-09-08T12:27:08","modified_gmt":"2025-09-08T18:27:08","slug":"reclaman-docente-en-primaria-de-tlaltetela-bloquean-carretera","status":"publish","type":"post","link":"https:\/\/encuentroinformativo.com.mx\/?p=70748","title":{"rendered":"Reclaman docente en primaria de Tlaltetela, bloquean carretera"},"content":{"rendered":"<p><strong>Dar\u00edo Pale<\/strong><\/p>\n<p>Xalapa, Ver.- Padres de familia de la Escuela Primaria \u201cNezahualc\u00f3yotl\u201d, ubicada en la comunidad de Ohuapan, municipio de Tlaltetela, bloquearon esta ma\u00f1ana la carretera estatal Totutla-Xalapa como medida de protesta ante la falta de un docente en el plantel.<\/p>\n<p>Los manifestantes dijeron que esta protesta fue motivada por la omisi\u00f3n de las autoridades educativas para asignar un maestro a uno de los grados, que lleva m\u00e1s de un a\u00f1o sin docente.<\/p>\n<p>Esta situaci\u00f3n ha obligado a m\u00e1s de 40 alumnos a tomar clases juntos en un solo sal\u00f3n, lo que afecta gravemente el aprendizaje y desarrollo acad\u00e9mico de los menores.<\/p>\n<p>Con pancartas y lonas, los manifestantes cerraron el paso vehicular y exigieron la presencia inmediata de personal de la Secretar\u00eda de Educaci\u00f3n de Veracruz (SEV).<\/p>\n<p>Advirtieron que no levantar\u00e1n el bloqueo hasta obtener una soluci\u00f3n concreta por parte de las autoridades.<\/p>\n<p>\u201cNo es justo que nuestros hijos sigan en estas condiciones. Necesitamos un maestro ya\u201d, expresaron algunos de los inconformes durante la protesta.<\/p>\n<p>Hasta el momento, no se ha reportado la llegada de representantes de la SEV ni una respuesta oficial al respecto.<\/p>\n","protected":false},"excerpt":{"rendered":"<p>Dar\u00edo Pale Xalapa, Ver.- Padres de familia de la Escuela Primaria \u201cNezahualc\u00f3yotl\u201d, ubicada en la comunidad de Ohuapan, municipio de Tlaltetela, bloquearon esta ma\u00f1ana la carretera estatal Totutla-Xalapa como medida de protesta ante la falta de un docente en el plantel. Los manifestantes dijeron que esta protesta fue motivada por la omisi\u00f3n de las autoridades [&hellip;]<\/p>\n","protected":false},"author":2476,"featured_media":70749,"comment_status":"open","ping_status":"open","sticky":false,"template":"","format":"standard","meta":{"_jetpack_memberships_contains_paid_content":false,"footnotes":""},"categories":[8],"tags":[],"class_list":["post-70748","post","type-post","status-publish","format-standard","has-post-thumbnail","hentry","category-region"],"jetpack_featured_media_url":"https:\/\/encuentroinformativo.com.mx\/wp-content\/uploads\/2025\/09\/IMG-20250908-WA0113.jpg","jetpack_sharing_enabled":true,"jetpack_likes_enabled":true,"amp_enabled":true,"_links":{"self":[{"href":"https:\/\/encuentroinformativo.com.mx\/index.php?rest_route=\/wp\/v2\/posts\/70748","targetHints":{"allow":["GET"]}}],"collection":[{"href":"https:\/\/encuentroinformativo.com.mx\/index.php?rest_route=\/wp\/v2\/posts"}],"about":[{"href":"https:\/\/encuentroinformativo.com.mx\/index.php?rest_route=\/wp\/v2\/types\/post"}],"author":[{"embeddable":true,"href":"https:\/\/encuentroinformativo.com.mx\/index.php?rest_route=\/wp\/v2\/users\/2476"}],"replies":[{"embeddable":true,"href":"https:\/\/encuentroinformativo.com.mx\/index.php?rest_route=%2Fwp%2Fv2%2Fcomments&post=70748"}],"version-history":[{"count":2,"href":"https:\/\/encuentroinformativo.com.mx\/index.php?rest_route=\/wp\/v2\/posts\/70748\/revisions"}],"predecessor-version":[{"id":70751,"href":"https:\/\/encuentroinformativo.com.mx\/index.php?rest_route=\/wp\/v2\/posts\/70748\/revisions\/70751"}],"wp:featuredmedia":[{"embeddable":true,"href":"https:\/\/encuentroinformativo.com.mx\/index.php?rest_route=\/wp\/v2\/media\/70749"}],"wp:attachment":[{"href":"https:\/\/encuentroinformativo.com.mx\/index.php?rest_route=%2Fwp%2Fv2%2Fmedia&parent=70748"}],"wp:term":[{"taxonomy":"category","embeddable":true,"href":"https:\/\/encuentroinformativo.com.mx\/index.php?rest_route=%2Fwp%2Fv2%2Fcategories&post=70748"},{"taxonomy":"post_tag","embeddable":true,"href":"https:\/\/encuentroinformativo.com.mx\/index.php?rest_route=%2Fwp%2Fv2%2Ftags&post=70748"}],"curies":[{"name":"wp","href":"https:\/\/api.w.org\/{rel}","templated":true}]}}