{"id":7075,"date":"2020-10-19T15:55:01","date_gmt":"2020-10-19T20:55:01","guid":{"rendered":"https:\/\/encuentroinformativo.com.mx\/?p=7075"},"modified":"2020-10-19T15:55:04","modified_gmt":"2020-10-19T20:55:04","slug":"gobernador-pide-paciencia-a-marinos-mercantes","status":"publish","type":"post","link":"https:\/\/encuentroinformativo.com.mx\/?p=7075","title":{"rendered":"Gobernador pide \u2018paciencia\u2019 a marinos mercantes"},"content":{"rendered":"\n<p><strong>Dar\u00edo Pale <\/strong><\/p>\n\n\n\n<p>Xalapa, Ver.- El gobernador del estado Cuitl\u00e1huac Garc\u00eda Jimenez se\u00f1al\u00f3 que ante la advertencia de tomar los puertos por parte de los marinos mercantes porque est\u00e1n en contra de la militarizaci\u00f3n de los puertos, les pidi\u00f3 calma y refiri\u00f3 que la idea de que la Secretar\u00eda de Marina se haga cargo es con la finalidad de combatir la corrupci\u00f3n.<\/p>\n\n\n\n<p>Entrevistado en conocido caf\u00e9 del centro de Zaragoza, refiri\u00f3 que la ma\u00f1ana de este lunes el Presidente llam\u00f3 a los marinos a que tengan confianza del procedimiento que se lleva a cabo en todos los puertos del pa\u00eds,\u00a0&#8220;van a tomar muy en cuenta a la Marina Mercante, no va a ser totalmente desplazada, sino van a tratar de incorporarla en alg\u00fan momento. Yo me sumar\u00eda a este exhorto que est\u00e1 haciendo el Presidente de que vayamos con calma&#8221;.<\/p>\n\n\n\n<p>Coment\u00f3 que la entrada de la Marina Armada de M\u00e9xico es con la finalidad de combatir el tr\u00e1fico de drogas en los puertos, situaci\u00f3n que podr\u00eda generar un mayor ingreso de recursos en las aduanas, &#8220;es acertado lo que est\u00e1 haciendo el Presidente&#8221;.<\/p>\n\n\n\n<p>En otro orden de ideas en lo que se refiere a la manifestaci\u00f3n en la SEV dio a conocer que no se permitir\u00e1 que las financieras tramiten pr\u00e9stamos que deriven en descuentos a maestros a trav\u00e9s de la Secretar\u00eda de Educaci\u00f3n de Veracruz (SEV), asegur\u00f3 el Gobernador Cuitl\u00e1huac Garc\u00eda Jim\u00e9nez. Hasta ahora el Gobierno del Estado suspendi\u00f3 a 40 relacionadas con fraude.<\/p>\n\n\n\n<p>&#8220;Se suspendieron a 40 de ellas. No se va a permitir que endeuden a los maestros&#8230;ser\u00e1 rechazada esa petici\u00f3n de pr\u00e9stamo por protecci\u00f3n a las maestras y maestros. Ya el Secretario dijo que no se va a permitir que estas financieras hagan un descuento ilegal a los maestros&#8221; asegur\u00f3 este lunes en entrevista.\u00a0<br>Mencion\u00f3 tambi\u00e9n que hay denuncias interpuestas contra las financieras, aunque algunas recurrieron a amparos, no obstante\u00a0\u00a0asegur\u00f3 que su gobierno da batalla a la corrupci\u00f3n en todas las dependencias.<\/p>\n\n\n\n<p><strong>El Amago <\/strong><\/p>\n\n\n\n<p>El\u00a0capit\u00e1n de Marina y presidente de la consultor\u00eda de Profesionistas de la Marina Mercante, Faustino Su\u00e1rez Rodr\u00edguez dio a conocer que\u00a0Marinos mercantes realizar\u00e1n manifestaci\u00f3n pac\u00edfica por la militarizaci\u00f3n de puertos el d\u00eda de ma\u00f1ana, en los puertos de Veracruz, Progreso, Tamaulipas, Salina Cruz, Coatzacoalcos y Ciudad del Carmen,\u00a0sin cerrar los puertos.<\/p>\n\n\n\n<p>En conferencia de prensa realizada en conocido caf\u00e9 del centro de Xalapa, se\u00f1al\u00f3 que el parlamento abierto que se realiz\u00f3 en el Senado de la Rep\u00fablica fue una simulaci\u00f3n pues ya se ten\u00eda la minuta ya realizada, y\u00a0que con esto se demuestra la intenci\u00f3n del gobierno federal de militarizar el pa\u00eds.<\/p>\n\n\n\n<p>\u201cCreemos generar conciencia que no solo se quiere militar la marina mercante\u00a0 y los puertos sino la intenci\u00f3n es militarizar el pa\u00eds\u201d, coment\u00f3.<\/p>\n\n\n\n<p>Dijo que hay senadores que apoyan esta medida hay otros que est\u00e1n conscientes de esta situaci\u00f3n y por lo tanto votar\u00e1n en contra como es el caso de Ricardo Ahued y Gloria S\u00e1nchez.<\/p>\n\n\n\n<p>La manifestaci\u00f3n se realizar\u00e1 este martes a las 10 de la ma\u00f1ana en la antigua aduana del puerto de Veracruz la igual que en los diferentes puertos del pa\u00eds.<\/p>\n\n\n\n<p><\/p>\n","protected":false},"excerpt":{"rendered":"<p>Dar\u00edo Pale Xalapa, Ver.- El gobernador del estado Cuitl\u00e1huac Garc\u00eda Jimenez se\u00f1al\u00f3 que ante la advertencia de tomar los puertos por parte de los marinos mercantes porque est\u00e1n en contra de la militarizaci\u00f3n de los puertos, les pidi\u00f3 calma y refiri\u00f3 que la idea de que la Secretar\u00eda de Marina se haga cargo es con [&hellip;]<\/p>\n","protected":false},"author":1,"featured_media":7076,"comment_status":"open","ping_status":"open","sticky":false,"template":"","format":"standard","meta":{"_jetpack_memberships_contains_paid_content":false,"footnotes":""},"categories":[2],"tags":[],"class_list":["post-7075","post","type-post","status-publish","format-standard","has-post-thumbnail","hentry","category-estado"],"jetpack_featured_media_url":"https:\/\/encuentroinformativo.com.mx\/wp-content\/uploads\/2020\/10\/9FCC0AF5-0D31-4CAC-8800-4AD8C574DB2A.jpeg","jetpack_sharing_enabled":true,"jetpack_likes_enabled":true,"amp_enabled":true,"_links":{"self":[{"href":"https:\/\/encuentroinformativo.com.mx\/index.php?rest_route=\/wp\/v2\/posts\/7075","targetHints":{"allow":["GET"]}}],"collection":[{"href":"https:\/\/encuentroinformativo.com.mx\/index.php?rest_route=\/wp\/v2\/posts"}],"about":[{"href":"https:\/\/encuentroinformativo.com.mx\/index.php?rest_route=\/wp\/v2\/types\/post"}],"author":[{"embeddable":true,"href":"https:\/\/encuentroinformativo.com.mx\/index.php?rest_route=\/wp\/v2\/users\/1"}],"replies":[{"embeddable":true,"href":"https:\/\/encuentroinformativo.com.mx\/index.php?rest_route=%2Fwp%2Fv2%2Fcomments&post=7075"}],"version-history":[{"count":1,"href":"https:\/\/encuentroinformativo.com.mx\/index.php?rest_route=\/wp\/v2\/posts\/7075\/revisions"}],"predecessor-version":[{"id":7077,"href":"https:\/\/encuentroinformativo.com.mx\/index.php?rest_route=\/wp\/v2\/posts\/7075\/revisions\/7077"}],"wp:featuredmedia":[{"embeddable":true,"href":"https:\/\/encuentroinformativo.com.mx\/index.php?rest_route=\/wp\/v2\/media\/7076"}],"wp:attachment":[{"href":"https:\/\/encuentroinformativo.com.mx\/index.php?rest_route=%2Fwp%2Fv2%2Fmedia&parent=7075"}],"wp:term":[{"taxonomy":"category","embeddable":true,"href":"https:\/\/encuentroinformativo.com.mx\/index.php?rest_route=%2Fwp%2Fv2%2Fcategories&post=7075"},{"taxonomy":"post_tag","embeddable":true,"href":"https:\/\/encuentroinformativo.com.mx\/index.php?rest_route=%2Fwp%2Fv2%2Ftags&post=7075"}],"curies":[{"name":"wp","href":"https:\/\/api.w.org\/{rel}","templated":true}]}}