{"id":70753,"date":"2025-09-08T14:21:23","date_gmt":"2025-09-08T20:21:23","guid":{"rendered":"https:\/\/encuentroinformativo.com.mx\/?p=70753"},"modified":"2025-09-08T14:21:23","modified_gmt":"2025-09-08T20:21:23","slug":"en-aumento-estadistica-de-menores-con-espectro-autista-imidi","status":"publish","type":"post","link":"https:\/\/encuentroinformativo.com.mx\/?p=70753","title":{"rendered":"En aumento estad\u00edstica de menores con espectro autista: IMIDI"},"content":{"rendered":"<p><strong>Dar\u00edo Pale<\/strong><\/p>\n<p>Xalapa, Ver.- Karina Mart\u00ednez Vera e integrantes del Instituto Mexicano de Investigaci\u00f3n y Desarrollo Integral (IMIDI), dio a conocer que hasta 2021, cuatro de cada 100 ni\u00f1os presentaban espectro autista y la estad\u00edstica sigue creciendo, lamentablemente, la poblaci\u00f3n desconoce la ley sobre autismo en la entidad.<\/p>\n<p>Con respecto a la ley aplicable en la entidad sobre autismo, recordaron que en 2017 se cre\u00f3, en 2018 se aprob\u00f3 y en 2021 se hizo el reglamento para su aplicaci\u00f3n.<\/p>\n<p>Por ello, indic\u00f3 que la ley establece que se debe atender a quienes tienen el espectro autista y diagnosticarlos de manera correcta, adem\u00e1s de contar con terapias y medicamentos, as\u00ed como aplicar la inclusi\u00f3n en espacios educativos, recreativos, deportes y las dem\u00e1s \u00e1reas.<\/p>\n<p>&#8220;Alzamos la voz para que la ley se promueva, el gobierno, el Estado y las personas la conozcan, La ley establece sanciones y el sector educativo es muy cuidadoso en no aceptarlos. Pero la ley dice que tienen la obligaci\u00f3n de brindar herramientas y acondicionar el \u00e1rea en los espacios educativos&#8221;, comentaron.<\/p>\n<p>Asimismo, dieron a conocer que muchas familias con hijos con autismo son de un estatus medio bajo, por lo que los gastos m\u00e9dicos resultan muy grandes.<\/p>\n<p>De manera que se\u00f1alaron que la poblaci\u00f3n debe saber que la ley establece determinados beneficios.<\/p>\n<p>&#8220;A veces los pap\u00e1s, las mam\u00e1s nos vemos en el predicamento o de comprarles medicamentos o darles su alimentaci\u00f3n correcta, sin gluten, sin az\u00facar, sin chocolate. Los medicamentos van de 200 a 1500 pesos. Las terapias y los psic\u00f3logos&#8221;, detallaron.<\/p>\n<p>Comentaron que no hay servicios gratuitos porque, por lo menos, deben pagar cien pesos.<\/p>\n<p>Finalmente, anunciaron el Congreso Internacional Autismo sin Barreras, el 19 y 20 de septiembre en la Universidad Euro Hispanoamericana. El costo ser\u00e1 de 2 mil 250 pesos.<\/p>\n","protected":false},"excerpt":{"rendered":"<p>Dar\u00edo Pale Xalapa, Ver.- Karina Mart\u00ednez Vera e integrantes del Instituto Mexicano de Investigaci\u00f3n y Desarrollo Integral (IMIDI), dio a conocer que hasta 2021, cuatro de cada 100 ni\u00f1os presentaban espectro autista y la estad\u00edstica sigue creciendo, lamentablemente, la poblaci\u00f3n desconoce la ley sobre autismo en la entidad. Con respecto a la ley aplicable en [&hellip;]<\/p>\n","protected":false},"author":2476,"featured_media":70754,"comment_status":"open","ping_status":"open","sticky":false,"template":"","format":"standard","meta":{"_jetpack_memberships_contains_paid_content":false,"footnotes":""},"categories":[3],"tags":[],"class_list":["post-70753","post","type-post","status-publish","format-standard","has-post-thumbnail","hentry","category-xalapa"],"jetpack_featured_media_url":"https:\/\/encuentroinformativo.com.mx\/wp-content\/uploads\/2025\/09\/IMG-20250908-WA0180.jpg","jetpack_sharing_enabled":true,"jetpack_likes_enabled":true,"amp_enabled":true,"_links":{"self":[{"href":"https:\/\/encuentroinformativo.com.mx\/index.php?rest_route=\/wp\/v2\/posts\/70753","targetHints":{"allow":["GET"]}}],"collection":[{"href":"https:\/\/encuentroinformativo.com.mx\/index.php?rest_route=\/wp\/v2\/posts"}],"about":[{"href":"https:\/\/encuentroinformativo.com.mx\/index.php?rest_route=\/wp\/v2\/types\/post"}],"author":[{"embeddable":true,"href":"https:\/\/encuentroinformativo.com.mx\/index.php?rest_route=\/wp\/v2\/users\/2476"}],"replies":[{"embeddable":true,"href":"https:\/\/encuentroinformativo.com.mx\/index.php?rest_route=%2Fwp%2Fv2%2Fcomments&post=70753"}],"version-history":[{"count":1,"href":"https:\/\/encuentroinformativo.com.mx\/index.php?rest_route=\/wp\/v2\/posts\/70753\/revisions"}],"predecessor-version":[{"id":70755,"href":"https:\/\/encuentroinformativo.com.mx\/index.php?rest_route=\/wp\/v2\/posts\/70753\/revisions\/70755"}],"wp:featuredmedia":[{"embeddable":true,"href":"https:\/\/encuentroinformativo.com.mx\/index.php?rest_route=\/wp\/v2\/media\/70754"}],"wp:attachment":[{"href":"https:\/\/encuentroinformativo.com.mx\/index.php?rest_route=%2Fwp%2Fv2%2Fmedia&parent=70753"}],"wp:term":[{"taxonomy":"category","embeddable":true,"href":"https:\/\/encuentroinformativo.com.mx\/index.php?rest_route=%2Fwp%2Fv2%2Fcategories&post=70753"},{"taxonomy":"post_tag","embeddable":true,"href":"https:\/\/encuentroinformativo.com.mx\/index.php?rest_route=%2Fwp%2Fv2%2Ftags&post=70753"}],"curies":[{"name":"wp","href":"https:\/\/api.w.org\/{rel}","templated":true}]}}