{"id":70771,"date":"2025-09-09T09:30:53","date_gmt":"2025-09-09T15:30:53","guid":{"rendered":"https:\/\/encuentroinformativo.com.mx\/?p=70771"},"modified":"2025-09-09T09:30:53","modified_gmt":"2025-09-09T15:30:53","slug":"empresa-francesa-con-denuncias-en-tamaulipas-estara-presente-en-foro-de-energia-de-veracruz","status":"publish","type":"post","link":"https:\/\/encuentroinformativo.com.mx\/?p=70771","title":{"rendered":"Empresa francesa con denuncias en Tamaulipas estar\u00e1 presente en Foro de Energ\u00eda de Veracruz"},"content":{"rendered":"<p><strong>Alejandro \u00c1vila<\/strong><\/p>\n<p>Veracruz, Ver.- El Movimiento #JusticiaParaThal\u00eda envi\u00f3 un documento a Carlos Andr\u00e9s Morales Mar, Director General de la Agencia Estatal de Energ\u00eda del Estado de Veracruz, tras enterarse que la empresa francesa ENGIE participar\u00e1 en el Sexto Congreso Internacional de Energ\u00eda, Refinaci\u00f3n, Gas &amp; Petroqu\u00edmica que se realiza desde el 8 al 12 de septiembre en el World Trade Center de Boca del R\u00edo.<\/p>\n<p>El oficio solicita una revisi\u00f3n a dicha empresa de origen franc\u00e9s pues ha tenido m\u00faltiples denuncias en el estado de Tamaulipas; adem\u00e1s de ser la presunta responsable de accidentes fatales donde se han perdido vidas.<\/p>\n<p>Nuestra inquietud surge tras observar que, en diversas publicaciones digitales, se ha difundido la siguiente frase: \u201cENGIE M\u00e9xico es una empresa global que, desde hace 25 a\u00f1os, ha suministrado energ\u00eda segura y asequible para el desarrollo y bienestar de M\u00e9xico y los mexicanos\u201d.<\/p>\n<p>Lamentablemente, los hechos documentados en distintas ciudades del pa\u00eds contradicen este mensaje; perm\u00edtame citar algunos casos recientes:<\/p>\n<p>\u2022 Thal\u00eda Mart\u00ednez, sobreviviente con 70% de quemaduras, amputaciones y da\u00f1os permanentes, tras la explosi\u00f3n de gas natural ocurrida el 29 de junio de 2023 en Matamoros, Tamaulipas por fuga.<\/p>\n<p>\u2022 Jair, de 21 a\u00f1os, hijo de padres veracruzanos, falleci\u00f3 el 29 de enero de 2022 a causa de las quemaduras sufridas por una explosi\u00f3n en una tienda de conveniencia en Matamoros, Tamaulipas por fuga.<\/p>\n<p>\u2022 Ana Belem, de 25 a\u00f1os, muri\u00f3 en diciembre de 2024 al registrarse una fuga de gas natural que provoc\u00f3 una explosi\u00f3n mientras cenaba en una taquer\u00eda de Ciudad Madero, Tamaulipas.<\/p>\n<p>\u2022 Alonso, de 18 a\u00f1os, perdi\u00f3 la vida en enero de 2025 tras una explosi\u00f3n ocasionada por fuga de gas natural en el ba\u00f1o de su domicilio.<\/p>\n<p>En todos estos casos, ENGIE era la empresa \u00fanica responsable del suministro de gas natural<br \/>\nen las ciudades mencionadas y ninguna de las v\u00edctimas ten\u00eda servicio de gas, todos los casos fue fuga subterr\u00e1nea.<\/p>\n<p>Adicionalmente, es importante se\u00f1alar que:<\/p>\n<p>\u2022 La Agencia de Seguridad, Energ\u00eda y Ambiente (ASEA), en el expediente administrativo n\u00famero ASEA\/USIVI\/DGSIVC-DC\/04S.02\/PA-578\/2023, sancion\u00f3 a ENGIE (TRACTEBEL GNP S.A. de C.V.) por NEGLIGENCIA con la existencia de 280 kil\u00f3metros de ductos ilegales de transporte de gas en Tampico, Tamaulipas.<\/p>\n<p>\u2022 El Ayuntamiento de Ciudad Madero, Tamaulipas, tambi\u00e9n mult\u00f3 a ENGIE por no dar mantenimiento a la red subterr\u00e1nea de gas natural en la zona urbana, situaci\u00f3n que deriv\u00f3 en fugas y explosiones.<\/p>\n<p>\u2022 ENGIE promovi\u00f3 los amparos en boicot al decreto para no limitar la generaci\u00f3n de energ\u00eda en las presas que promovi\u00f3 el entonces presidente Andr\u00e9s Manuel L\u00f3pez Obrador.<\/p>\n<p>Ante estos antecedentes, solicitamos respetuosamente que, en caso de que representantes de ENGIE participen en paneles relacionados con Responsabilidad Social, Sustentabilidad, Seguridad, Energ\u00eda y Derechos Humanos o Transici\u00f3n Energ\u00e9tica, se garantice que su intervenci\u00f3n sea contextualizada con informaci\u00f3n veraz.<\/p>\n<p>Ello evitar\u00e1 que la Agencia Estatal de Energ\u00eda, que usted dignamente preside, contribuya a difundir un mensaje que contradiga la realidad, en apego al C\u00f3digo de Conducta de esa instituci\u00f3n cuyo prop\u00f3sito es \u201cpromover y garantizar una cultura \u00e9tica\u201d.<\/p>\n","protected":false},"excerpt":{"rendered":"<p>Alejandro \u00c1vila Veracruz, Ver.- El Movimiento #JusticiaParaThal\u00eda envi\u00f3 un documento a Carlos Andr\u00e9s Morales Mar, Director General de la Agencia Estatal de Energ\u00eda del Estado de Veracruz, tras enterarse que la empresa francesa ENGIE participar\u00e1 en el Sexto Congreso Internacional de Energ\u00eda, Refinaci\u00f3n, Gas &amp; Petroqu\u00edmica que se realiza desde el 8 al 12 de [&hellip;]<\/p>\n","protected":false},"author":2476,"featured_media":70772,"comment_status":"open","ping_status":"open","sticky":false,"template":"","format":"standard","meta":{"_jetpack_memberships_contains_paid_content":false,"footnotes":""},"categories":[2],"tags":[],"class_list":["post-70771","post","type-post","status-publish","format-standard","has-post-thumbnail","hentry","category-estado"],"jetpack_featured_media_url":"https:\/\/encuentroinformativo.com.mx\/wp-content\/uploads\/2025\/09\/IMG-20250909-WA0033.jpg","jetpack_sharing_enabled":true,"jetpack_likes_enabled":true,"amp_enabled":true,"_links":{"self":[{"href":"https:\/\/encuentroinformativo.com.mx\/index.php?rest_route=\/wp\/v2\/posts\/70771","targetHints":{"allow":["GET"]}}],"collection":[{"href":"https:\/\/encuentroinformativo.com.mx\/index.php?rest_route=\/wp\/v2\/posts"}],"about":[{"href":"https:\/\/encuentroinformativo.com.mx\/index.php?rest_route=\/wp\/v2\/types\/post"}],"author":[{"embeddable":true,"href":"https:\/\/encuentroinformativo.com.mx\/index.php?rest_route=\/wp\/v2\/users\/2476"}],"replies":[{"embeddable":true,"href":"https:\/\/encuentroinformativo.com.mx\/index.php?rest_route=%2Fwp%2Fv2%2Fcomments&post=70771"}],"version-history":[{"count":1,"href":"https:\/\/encuentroinformativo.com.mx\/index.php?rest_route=\/wp\/v2\/posts\/70771\/revisions"}],"predecessor-version":[{"id":70773,"href":"https:\/\/encuentroinformativo.com.mx\/index.php?rest_route=\/wp\/v2\/posts\/70771\/revisions\/70773"}],"wp:featuredmedia":[{"embeddable":true,"href":"https:\/\/encuentroinformativo.com.mx\/index.php?rest_route=\/wp\/v2\/media\/70772"}],"wp:attachment":[{"href":"https:\/\/encuentroinformativo.com.mx\/index.php?rest_route=%2Fwp%2Fv2%2Fmedia&parent=70771"}],"wp:term":[{"taxonomy":"category","embeddable":true,"href":"https:\/\/encuentroinformativo.com.mx\/index.php?rest_route=%2Fwp%2Fv2%2Fcategories&post=70771"},{"taxonomy":"post_tag","embeddable":true,"href":"https:\/\/encuentroinformativo.com.mx\/index.php?rest_route=%2Fwp%2Fv2%2Ftags&post=70771"}],"curies":[{"name":"wp","href":"https:\/\/api.w.org\/{rel}","templated":true}]}}