{"id":70774,"date":"2025-09-09T09:36:22","date_gmt":"2025-09-09T15:36:22","guid":{"rendered":"https:\/\/encuentroinformativo.com.mx\/?p=70774"},"modified":"2025-09-09T09:36:22","modified_gmt":"2025-09-09T15:36:22","slug":"tres-choques-generan-caos-vial-en-la-zona-conurbada-veracruz-y-boca-del-rio","status":"publish","type":"post","link":"https:\/\/encuentroinformativo.com.mx\/?p=70774","title":{"rendered":"Tres choques generan caos vial en la zona conurbada\u00a0 Veracruz y Boca del R\u00edo"},"content":{"rendered":"<p><strong>Alejandro \u00c1vila<\/strong><\/p>\n<p>Veracruz, Ver.- En un lapso de una hora tres choques ocasionaron severas afectaciones viales en la zona conurbada Veracruz &#8211; Boca del R\u00edo, lo cual gener\u00f3 molestia entre los automovilistas por los bloqueos y demoras para continuar su ruta, la ma\u00f1ana de este martes 9 de septiembre.<\/p>\n<p>El primero de estos se dio en la avenida Cuauht\u00e9moc a la altura del &#8220;penalito&#8221; de Playa Linda, cuando un par de motocicletas que zigzagueaban por el lugar a velocidad alta, se impactaron con un autom\u00f3vil Chevrolet tipo Spark color azul en direcci\u00f3n sur a norte.<\/p>\n<p>El segundo se dio en el bulevar &#8220;Manuel \u00c1vila Camacho&#8221; a la altura del Hotel Punta Azul en el municipio de Boca del R\u00edo, cuando un veh\u00edculo impact\u00f3 a otro por alcance generando un cierre parcial de la circulaci\u00f3n.<\/p>\n<p>Finalmente, el m\u00e1s llamativo y que dio m\u00e1s complicaciones fue el suscitado en la avenida Sim\u00f3n Bol\u00edvar esquina con calle Negrete, el cual involucr\u00f3 a un taxi con el n\u00famero econ\u00f3mico 304 y a una unidad particular Chevrolet tipo Aveo color gris, la que result\u00f3 con severas afectaciones en su carrocer\u00eda.<\/p>\n<p>Sin cifras concretas las direcciones de tr\u00e1nsito de los municipios de Veracruz y Boca del R\u00edo han confirmado que en tan solo 7 d\u00edas de regreso a clases el n\u00famero de accidentes viales se ha incrementado considerablemente a la entrada y salida de los estudiantes.<\/p>\n<p><img loading=\"lazy\" decoding=\"async\" class=\"aligncenter size-medium wp-image-70776\" src=\"https:\/\/encuentroinformativo.com.mx\/wp-content\/uploads\/2025\/09\/IMG-20250909-WA0026-300x231.jpg\" alt=\"\" width=\"300\" height=\"231\" srcset=\"https:\/\/encuentroinformativo.com.mx\/wp-content\/uploads\/2025\/09\/IMG-20250909-WA0026-300x231.jpg 300w, https:\/\/encuentroinformativo.com.mx\/wp-content\/uploads\/2025\/09\/IMG-20250909-WA0026-768x591.jpg 768w, https:\/\/encuentroinformativo.com.mx\/wp-content\/uploads\/2025\/09\/IMG-20250909-WA0026.jpg 780w\" sizes=\"auto, (max-width: 300px) 100vw, 300px\" \/><\/p>\n","protected":false},"excerpt":{"rendered":"<p>Alejandro \u00c1vila Veracruz, Ver.- En un lapso de una hora tres choques ocasionaron severas afectaciones viales en la zona conurbada Veracruz &#8211; Boca del R\u00edo, lo cual gener\u00f3 molestia entre los automovilistas por los bloqueos y demoras para continuar su ruta, la ma\u00f1ana de este martes 9 de septiembre. El primero de estos se dio [&hellip;]<\/p>\n","protected":false},"author":2476,"featured_media":70775,"comment_status":"open","ping_status":"open","sticky":false,"template":"","format":"standard","meta":{"_jetpack_memberships_contains_paid_content":false,"footnotes":""},"categories":[2],"tags":[],"class_list":["post-70774","post","type-post","status-publish","format-standard","has-post-thumbnail","hentry","category-estado"],"jetpack_featured_media_url":"https:\/\/encuentroinformativo.com.mx\/wp-content\/uploads\/2025\/09\/IMG-20250909-WA0029.jpg","jetpack_sharing_enabled":true,"jetpack_likes_enabled":true,"amp_enabled":true,"_links":{"self":[{"href":"https:\/\/encuentroinformativo.com.mx\/index.php?rest_route=\/wp\/v2\/posts\/70774","targetHints":{"allow":["GET"]}}],"collection":[{"href":"https:\/\/encuentroinformativo.com.mx\/index.php?rest_route=\/wp\/v2\/posts"}],"about":[{"href":"https:\/\/encuentroinformativo.com.mx\/index.php?rest_route=\/wp\/v2\/types\/post"}],"author":[{"embeddable":true,"href":"https:\/\/encuentroinformativo.com.mx\/index.php?rest_route=\/wp\/v2\/users\/2476"}],"replies":[{"embeddable":true,"href":"https:\/\/encuentroinformativo.com.mx\/index.php?rest_route=%2Fwp%2Fv2%2Fcomments&post=70774"}],"version-history":[{"count":1,"href":"https:\/\/encuentroinformativo.com.mx\/index.php?rest_route=\/wp\/v2\/posts\/70774\/revisions"}],"predecessor-version":[{"id":70777,"href":"https:\/\/encuentroinformativo.com.mx\/index.php?rest_route=\/wp\/v2\/posts\/70774\/revisions\/70777"}],"wp:featuredmedia":[{"embeddable":true,"href":"https:\/\/encuentroinformativo.com.mx\/index.php?rest_route=\/wp\/v2\/media\/70775"}],"wp:attachment":[{"href":"https:\/\/encuentroinformativo.com.mx\/index.php?rest_route=%2Fwp%2Fv2%2Fmedia&parent=70774"}],"wp:term":[{"taxonomy":"category","embeddable":true,"href":"https:\/\/encuentroinformativo.com.mx\/index.php?rest_route=%2Fwp%2Fv2%2Fcategories&post=70774"},{"taxonomy":"post_tag","embeddable":true,"href":"https:\/\/encuentroinformativo.com.mx\/index.php?rest_route=%2Fwp%2Fv2%2Ftags&post=70774"}],"curies":[{"name":"wp","href":"https:\/\/api.w.org\/{rel}","templated":true}]}}