{"id":70778,"date":"2025-09-09T11:34:45","date_gmt":"2025-09-09T17:34:45","guid":{"rendered":"https:\/\/encuentroinformativo.com.mx\/?p=70778"},"modified":"2025-09-09T11:34:45","modified_gmt":"2025-09-09T17:34:45","slug":"tragedia-en-minatitlan-muere-electrocutado-al-intentar-restablecer-la-luz-en-la-fortuna","status":"publish","type":"post","link":"https:\/\/encuentroinformativo.com.mx\/?p=70778","title":{"rendered":"Tragedia en Minatitl\u00e1n: muere electrocutado al intentar restablecer la luz en La Fortuna"},"content":{"rendered":"<p><strong>Jos\u00e9 Vargas<\/strong><\/p>\n<p>Minatitl\u00e1n, Ver.- La desesperaci\u00f3n por los constantes apagones cobr\u00f3 la vida de un habitante del ejido La Fortuna, en el municipio de Minatitl\u00e1n, luego de que recibiera una descarga el\u00e9ctrica mortal al intentar reparar las cuchillas de un transformador comunitario.<\/p>\n<p>De acuerdo con testimonios, la v\u00edctima trataba de devolver la electricidad a su comunidad tras varias horas sin servicio. Sin herramientas ni protecci\u00f3n adecuada, toc\u00f3 una l\u00ednea de alto voltaje que lo fulmin\u00f3 de manera inmediata. Vecinos corrieron para auxiliarlo, pero nada pudieron hacer.<\/p>\n<p>El ejido, ubicado en la zona lim\u00edtrofe con Las Choapas, enfrenta cortes de energ\u00eda de manera recurrente. Pobladores se\u00f1alan que la Comisi\u00f3n Federal de Electricidad (CFE) demora en atender los reportes, lo que los ha llevado en m\u00e1s de una ocasi\u00f3n a improvisar reparaciones por su cuenta.<\/p>\n<p>Autoridades municipales y ministeriales acudieron al sitio para realizar las diligencias correspondientes y ordenar el levantamiento del cuerpo.<\/p>\n<p>Habitantes de La Fortuna lamentaron la tragedia y responsabilizaron a la falta de atenci\u00f3n oficial de orillarlos a exponerse a maniobras de alto riesgo. \u201cNo es la primera vez que pasa un accidente, vivimos en el abandono\u201d, reclamaron.<\/p>\n","protected":false},"excerpt":{"rendered":"<p>Jos\u00e9 Vargas Minatitl\u00e1n, Ver.- La desesperaci\u00f3n por los constantes apagones cobr\u00f3 la vida de un habitante del ejido La Fortuna, en el municipio de Minatitl\u00e1n, luego de que recibiera una descarga el\u00e9ctrica mortal al intentar reparar las cuchillas de un transformador comunitario. De acuerdo con testimonios, la v\u00edctima trataba de devolver la electricidad a su [&hellip;]<\/p>\n","protected":false},"author":2476,"featured_media":70779,"comment_status":"open","ping_status":"open","sticky":false,"template":"","format":"standard","meta":{"_jetpack_memberships_contains_paid_content":false,"footnotes":""},"categories":[14],"tags":[],"class_list":["post-70778","post","type-post","status-publish","format-standard","has-post-thumbnail","hentry","category-policiaca"],"jetpack_featured_media_url":"https:\/\/encuentroinformativo.com.mx\/wp-content\/uploads\/2025\/09\/IMG-20250909-WA00312.jpg","jetpack_sharing_enabled":true,"jetpack_likes_enabled":true,"amp_enabled":true,"_links":{"self":[{"href":"https:\/\/encuentroinformativo.com.mx\/index.php?rest_route=\/wp\/v2\/posts\/70778","targetHints":{"allow":["GET"]}}],"collection":[{"href":"https:\/\/encuentroinformativo.com.mx\/index.php?rest_route=\/wp\/v2\/posts"}],"about":[{"href":"https:\/\/encuentroinformativo.com.mx\/index.php?rest_route=\/wp\/v2\/types\/post"}],"author":[{"embeddable":true,"href":"https:\/\/encuentroinformativo.com.mx\/index.php?rest_route=\/wp\/v2\/users\/2476"}],"replies":[{"embeddable":true,"href":"https:\/\/encuentroinformativo.com.mx\/index.php?rest_route=%2Fwp%2Fv2%2Fcomments&post=70778"}],"version-history":[{"count":1,"href":"https:\/\/encuentroinformativo.com.mx\/index.php?rest_route=\/wp\/v2\/posts\/70778\/revisions"}],"predecessor-version":[{"id":70780,"href":"https:\/\/encuentroinformativo.com.mx\/index.php?rest_route=\/wp\/v2\/posts\/70778\/revisions\/70780"}],"wp:featuredmedia":[{"embeddable":true,"href":"https:\/\/encuentroinformativo.com.mx\/index.php?rest_route=\/wp\/v2\/media\/70779"}],"wp:attachment":[{"href":"https:\/\/encuentroinformativo.com.mx\/index.php?rest_route=%2Fwp%2Fv2%2Fmedia&parent=70778"}],"wp:term":[{"taxonomy":"category","embeddable":true,"href":"https:\/\/encuentroinformativo.com.mx\/index.php?rest_route=%2Fwp%2Fv2%2Fcategories&post=70778"},{"taxonomy":"post_tag","embeddable":true,"href":"https:\/\/encuentroinformativo.com.mx\/index.php?rest_route=%2Fwp%2Fv2%2Ftags&post=70778"}],"curies":[{"name":"wp","href":"https:\/\/api.w.org\/{rel}","templated":true}]}}