{"id":70792,"date":"2025-09-09T12:25:45","date_gmt":"2025-09-09T18:25:45","guid":{"rendered":"https:\/\/encuentroinformativo.com.mx\/?p=70792"},"modified":"2025-09-09T12:25:45","modified_gmt":"2025-09-09T18:25:45","slug":"justifica-magistrada-rosalba-hernandez-nombramientos-de-jueces-interinos","status":"publish","type":"post","link":"https:\/\/encuentroinformativo.com.mx\/?p=70792","title":{"rendered":"Justifica Magistrada Rosalba Hern\u00e1ndez nombramientos de jueces interinos"},"content":{"rendered":"<p><strong>Dar\u00edo Pale<\/strong><\/p>\n<p>Xalapa, Ver.- Justific\u00f3 que hubo algunos que se jubilaron o renunciaron y se ten\u00edan que cubrir esos espacios, esto sobre los nombramientos de jueces interinos por parte del \u00d3rgano de Administraci\u00f3n, as\u00ed lo dio a conocer la magistrada presidenta del Tribunal Superior de Justicia, Rosalba Hern\u00e1ndez Hern\u00e1ndez.<\/p>\n<p>Entrevistada previo a la guardia de honor frente al monumento del padre de la patria don Miguel Hidalgo y Costilla coment\u00f3 que, &#8220;hay varios espacios donde juezas y jueces, algunos renunciaron o se jubilaron, entonces hay algunos por ministerio de ley, y otros de los espacios que hay&#8221;.<\/p>\n<p>Cuestionada sobre si \u00bfEs correcto que si no fueron votados ocupen un cargo?, contest\u00f3 que \u201ctiene que nombrarse a una persona que sea titular, no se puede dejar vac\u00edo el espacio, entonces qui\u00e9n va a despachar, qui\u00e9n va a hacer las resoluciones, necesariamente tiene que resolverse y es una cuesti\u00f3n netamente administrativa\u201d.<\/p>\n<p>Sobre el n\u00famero de jueces interinos dijo que hay varios, &#8220;hay uno que tuvo un paro de su tr\u00e1quea y pues ni modo que nadie despache. No se ha parado la justicia&#8221;, coment\u00f3.<\/p>\n<p>Con respecto a si ha recibido alg\u00fan tipo de denuncia o queja por parte del personal, asegur\u00f3 que no ha recibido denuncia formal.<\/p>\n<p>&#8220;Est\u00e1 el proceso de recepci\u00f3n, de reorganizaci\u00f3n, son much\u00edsimos los expedientes que hay que recibir. Est\u00e1n los jueces y las juezas tambi\u00e9n revisando qu\u00e9 es lo que hay, porque hubo adscripciones, readscripciones. Esperar un mes para ver qu\u00e9 hay&#8221;, expuso.<\/p>\n<p>Dio a conocer que actualmente \u201cel reto que representa el poder es el de la justicia, efectivamente, el acceso real y efectivo a la justicia\u201d.<\/p>\n<p>\u201cEn eso estamos, por sentarnos justamente para revisar cu\u00e1ntos exactamente con los casilleros judiciales, porque hay mucha informaci\u00f3n un poco dispersa, pero en eso estamos para sentarnos\u201d, coment\u00f3.<\/p>\n<p>Sobre si \u00bfSe har\u00e1 una revisi\u00f3n de los expedientes para poder actualizarlos?, dijo que, \u201cno solo de los expedientes, tambi\u00e9n para ver el tema de formaci\u00f3n de int\u00e9rpretes, traductores, pero eso tiene que hacerse de la mano con las otras \u00e1reas, Seguridad P\u00fablica, Fiscal\u00eda, Abel, Inali, INPI, hay muchas del Congreso del Estado, hay mucho que se tiene que hacer ah\u00ed, pero en eso estamos en proceso de revisi\u00f3n\u201d.<\/p>\n<p>Finalmente coment\u00f3, \u201cen eso estamos en el proceso de revisi\u00f3n desde 2006, incluso nosotros hemos estado formando, a m\u00ed me ha tocado el proceso, aqu\u00ed el amigo lo sabe, el proceso de formaci\u00f3n, todos los que hay hemos estado en el proceso desde hace 20 a\u00f1os ya\u201d.<\/p>\n","protected":false},"excerpt":{"rendered":"<p>Dar\u00edo Pale Xalapa, Ver.- Justific\u00f3 que hubo algunos que se jubilaron o renunciaron y se ten\u00edan que cubrir esos espacios, esto sobre los nombramientos de jueces interinos por parte del \u00d3rgano de Administraci\u00f3n, as\u00ed lo dio a conocer la magistrada presidenta del Tribunal Superior de Justicia, Rosalba Hern\u00e1ndez Hern\u00e1ndez. Entrevistada previo a la guardia de [&hellip;]<\/p>\n","protected":false},"author":2476,"featured_media":70793,"comment_status":"open","ping_status":"open","sticky":false,"template":"","format":"standard","meta":{"_jetpack_memberships_contains_paid_content":false,"footnotes":""},"categories":[2],"tags":[],"class_list":["post-70792","post","type-post","status-publish","format-standard","has-post-thumbnail","hentry","category-estado"],"jetpack_featured_media_url":"https:\/\/encuentroinformativo.com.mx\/wp-content\/uploads\/2025\/09\/IMG-20250909-WA0079.jpg","jetpack_sharing_enabled":true,"jetpack_likes_enabled":true,"amp_enabled":true,"_links":{"self":[{"href":"https:\/\/encuentroinformativo.com.mx\/index.php?rest_route=\/wp\/v2\/posts\/70792","targetHints":{"allow":["GET"]}}],"collection":[{"href":"https:\/\/encuentroinformativo.com.mx\/index.php?rest_route=\/wp\/v2\/posts"}],"about":[{"href":"https:\/\/encuentroinformativo.com.mx\/index.php?rest_route=\/wp\/v2\/types\/post"}],"author":[{"embeddable":true,"href":"https:\/\/encuentroinformativo.com.mx\/index.php?rest_route=\/wp\/v2\/users\/2476"}],"replies":[{"embeddable":true,"href":"https:\/\/encuentroinformativo.com.mx\/index.php?rest_route=%2Fwp%2Fv2%2Fcomments&post=70792"}],"version-history":[{"count":1,"href":"https:\/\/encuentroinformativo.com.mx\/index.php?rest_route=\/wp\/v2\/posts\/70792\/revisions"}],"predecessor-version":[{"id":70794,"href":"https:\/\/encuentroinformativo.com.mx\/index.php?rest_route=\/wp\/v2\/posts\/70792\/revisions\/70794"}],"wp:featuredmedia":[{"embeddable":true,"href":"https:\/\/encuentroinformativo.com.mx\/index.php?rest_route=\/wp\/v2\/media\/70793"}],"wp:attachment":[{"href":"https:\/\/encuentroinformativo.com.mx\/index.php?rest_route=%2Fwp%2Fv2%2Fmedia&parent=70792"}],"wp:term":[{"taxonomy":"category","embeddable":true,"href":"https:\/\/encuentroinformativo.com.mx\/index.php?rest_route=%2Fwp%2Fv2%2Fcategories&post=70792"},{"taxonomy":"post_tag","embeddable":true,"href":"https:\/\/encuentroinformativo.com.mx\/index.php?rest_route=%2Fwp%2Fv2%2Ftags&post=70792"}],"curies":[{"name":"wp","href":"https:\/\/api.w.org\/{rel}","templated":true}]}}