{"id":70798,"date":"2025-09-09T13:23:07","date_gmt":"2025-09-09T19:23:07","guid":{"rendered":"https:\/\/encuentroinformativo.com.mx\/?p=70798"},"modified":"2025-09-09T13:23:07","modified_gmt":"2025-09-09T19:23:07","slug":"sera-espectaculo-de-luces-frias-para-la-noche-del-grito-cultura","status":"publish","type":"post","link":"https:\/\/encuentroinformativo.com.mx\/?p=70798","title":{"rendered":"Ser\u00e1 espect\u00e1culo de luces fr\u00edas para la noche del Grito: Cultura"},"content":{"rendered":"<p><strong>Dar\u00edo Pale<\/strong><\/p>\n<p>Xalapa, Ver.- La secretaria de Cultura, X\u00f3chitl Molina Gonz\u00e1lez inform\u00f3 que para la noche del Grito de Independencia habr\u00e1 &#8220;luces fr\u00edas&#8221;, es decir, fuegos artificiales fr\u00edos.<\/p>\n<p>La funcionaria detall\u00f3 que a las 12 del d\u00eda en el Parque Ju\u00e1rez habr\u00e1 una verbena popular con artistas locales, alusivos al mes patrio.<\/p>\n<p>&#8220;Tambi\u00e9n habr\u00e1 artesan\u00edas, alimentos mexicanos, hasta las 5 de la tarde, posteriormente, en Plaza Lerdo, enfrente, ah\u00ed donde va a estar el sonido, ah\u00ed tambi\u00e9n tendremos n\u00fameros art\u00edsticos patrios, m\u00e1s tarde tendremos la Sonora Dinamita y bueno, pues ya va a estar La Original Banda Lim\u00f3n, El Grito de nuestra primer mujer gobernadora Roc\u00edo Nahle&#8221;.<\/p>\n<p>Sobre el cierre de vialidades, X\u00f3chilt Molina dijo que se va a cerrar un d\u00eda antes y habr\u00e1 sorpresas con los fuegos artificiales.<\/p>\n<p>Acerca de las arengas, la secretaria de Cultura coment\u00f3 que la gobernadora nombrar\u00e1 a mujeres destacadas.<\/p>\n<p>Finalmente coment\u00f3, &#8220;pues claro que s\u00ed, claro. Hay que nombrar y reconocer a las mujeres que participaron en la Independencia. Pero bueno, nos vamos a esperar y va a ser muy interesante este Grito porque es muy emblem\u00e1tico. Es la primera vez que una mujer gobernadora va a darlo&#8221;.<\/p>\n","protected":false},"excerpt":{"rendered":"<p>Dar\u00edo Pale Xalapa, Ver.- La secretaria de Cultura, X\u00f3chitl Molina Gonz\u00e1lez inform\u00f3 que para la noche del Grito de Independencia habr\u00e1 &#8220;luces fr\u00edas&#8221;, es decir, fuegos artificiales fr\u00edos. La funcionaria detall\u00f3 que a las 12 del d\u00eda en el Parque Ju\u00e1rez habr\u00e1 una verbena popular con artistas locales, alusivos al mes patrio. &#8220;Tambi\u00e9n habr\u00e1 artesan\u00edas, [&hellip;]<\/p>\n","protected":false},"author":2476,"featured_media":70799,"comment_status":"open","ping_status":"open","sticky":false,"template":"","format":"standard","meta":{"_jetpack_memberships_contains_paid_content":false,"footnotes":""},"categories":[2],"tags":[],"class_list":["post-70798","post","type-post","status-publish","format-standard","has-post-thumbnail","hentry","category-estado"],"jetpack_featured_media_url":"https:\/\/encuentroinformativo.com.mx\/wp-content\/uploads\/2025\/09\/IMG-20250909-WA0175.jpg","jetpack_sharing_enabled":true,"jetpack_likes_enabled":true,"amp_enabled":true,"_links":{"self":[{"href":"https:\/\/encuentroinformativo.com.mx\/index.php?rest_route=\/wp\/v2\/posts\/70798","targetHints":{"allow":["GET"]}}],"collection":[{"href":"https:\/\/encuentroinformativo.com.mx\/index.php?rest_route=\/wp\/v2\/posts"}],"about":[{"href":"https:\/\/encuentroinformativo.com.mx\/index.php?rest_route=\/wp\/v2\/types\/post"}],"author":[{"embeddable":true,"href":"https:\/\/encuentroinformativo.com.mx\/index.php?rest_route=\/wp\/v2\/users\/2476"}],"replies":[{"embeddable":true,"href":"https:\/\/encuentroinformativo.com.mx\/index.php?rest_route=%2Fwp%2Fv2%2Fcomments&post=70798"}],"version-history":[{"count":1,"href":"https:\/\/encuentroinformativo.com.mx\/index.php?rest_route=\/wp\/v2\/posts\/70798\/revisions"}],"predecessor-version":[{"id":70800,"href":"https:\/\/encuentroinformativo.com.mx\/index.php?rest_route=\/wp\/v2\/posts\/70798\/revisions\/70800"}],"wp:featuredmedia":[{"embeddable":true,"href":"https:\/\/encuentroinformativo.com.mx\/index.php?rest_route=\/wp\/v2\/media\/70799"}],"wp:attachment":[{"href":"https:\/\/encuentroinformativo.com.mx\/index.php?rest_route=%2Fwp%2Fv2%2Fmedia&parent=70798"}],"wp:term":[{"taxonomy":"category","embeddable":true,"href":"https:\/\/encuentroinformativo.com.mx\/index.php?rest_route=%2Fwp%2Fv2%2Fcategories&post=70798"},{"taxonomy":"post_tag","embeddable":true,"href":"https:\/\/encuentroinformativo.com.mx\/index.php?rest_route=%2Fwp%2Fv2%2Ftags&post=70798"}],"curies":[{"name":"wp","href":"https:\/\/api.w.org\/{rel}","templated":true}]}}