{"id":70801,"date":"2025-09-09T13:35:57","date_gmt":"2025-09-09T19:35:57","guid":{"rendered":"https:\/\/encuentroinformativo.com.mx\/?p=70801"},"modified":"2025-09-09T13:35:57","modified_gmt":"2025-09-09T19:35:57","slug":"acusan-despido-injustificado-y-acoso-en-sedema","status":"publish","type":"post","link":"https:\/\/encuentroinformativo.com.mx\/?p=70801","title":{"rendered":"Acusan despido injustificado y acoso en SEDEMA"},"content":{"rendered":"<p><strong>Dar\u00edo Pale<\/strong><\/p>\n<p>Xalapa, Ver.- Debido a que fueron despedidos de forma injustificada seis trabajadores de la Secretar\u00eda de Medio Ambiente del Gobierno de Veracruz (SEDEMA), llevar\u00e1n a cabo una manifestaci\u00f3n pac\u00edfica con huelga de hambre en la dependencia el pr\u00f3ximo jueves.<\/p>\n<p>El secretario general del Sindicato de Empleados del Poder Ejecutivo de Veracruz (S.E.P.E.V.), Acdmer Antonio Galicia Campos se\u00f1al\u00f3 que ante despidos injustificados, van a realizar algunas acciones, el d\u00eda de hoy bloquearon por unos minutos la calle de Enr\u00edquez para hacer un poco de presi\u00f3n y ser atendidos.<\/p>\n<p>Tambi\u00e9n denunciaron actos reprobables de hostigamiento laboral y acoso &#8220;que son el sin\u00f3nimo de la administraci\u00f3n de Cuitl\u00e1huac Garc\u00eda Jim\u00e9nez que dej\u00f3 incrustados en el Gobierno de la Ingeniera Norma Roc\u00edo Nahle Garc\u00eda&#8221;.<\/p>\n<p>Al respecto, comentaron que sus representados desde el 2023 procedieron a levantar un acta en la Unidad de Equidad de G\u00e9nero y ante el \u00d3rgano Interno de Control de la dependencia, sin embargo, ahora que se han cumplido los tiempos para que se le d\u00e9 vista a la Fiscal\u00eda Anticorrupci\u00f3n y a la Fiscal\u00eda General fueron despedidos injustificadamente.<\/p>\n<p>&#8220;A pesar de ser una brigada contra incendios en el valle de Perote que han arriesgado su vida en los siniestros pasados&#8221;, destacaron.<\/p>\n<p>Dieron a conocer que est\u00e1n convencidos de que el gobierno estatal act\u00faa mediante el di\u00e1logo y apegado a los derechos humanos y laborales.<\/p>\n<p>&#8220;Por tal motivo hacemos un llamado a nuestra Gobernadora Constitucional y sepa que el pr\u00f3ximo jueves haremos una manifestaci\u00f3n pac\u00edfica en la dependencia con huelga de hambre y hasta que sean reinstalados nuestros representados, por ser justa nuestra demanda y de no obtener la v\u00eda de di\u00e1logo es que recurrimos a estas acciones&#8221;, se\u00f1al\u00f3<\/p>\n<p>Cabe se\u00f1alar que despu\u00e9s de dar la conferencia de prensa se trasladaron a la plaza Lerdo y bloquearon por unos minutos la calle de Enr\u00edquez, donde personal de pol\u00edtica regional sali\u00f3 a atender sus demandas y despu\u00e9s de llegar a un acuerdo retiraron el bloqueo.<\/p>\n<p>Finalmente se\u00f1alaron que est\u00e1n a la espera de la audiencia que solicitaron y de no obtener alguna respuesta llevar\u00e1n a cabo la manifestaci\u00f3n en las instalaciones en la SEDEMA el pr\u00f3ximo jueves.<\/p>\n<p><img loading=\"lazy\" decoding=\"async\" class=\"aligncenter size-medium wp-image-70803\" src=\"https:\/\/encuentroinformativo.com.mx\/wp-content\/uploads\/2025\/09\/IMG-20250909-WA0195-300x200.jpg\" alt=\"\" width=\"300\" height=\"200\" srcset=\"https:\/\/encuentroinformativo.com.mx\/wp-content\/uploads\/2025\/09\/IMG-20250909-WA0195-300x200.jpg 300w, https:\/\/encuentroinformativo.com.mx\/wp-content\/uploads\/2025\/09\/IMG-20250909-WA0195-1024x683.jpg 1024w, https:\/\/encuentroinformativo.com.mx\/wp-content\/uploads\/2025\/09\/IMG-20250909-WA0195-768x512.jpg 768w, https:\/\/encuentroinformativo.com.mx\/wp-content\/uploads\/2025\/09\/IMG-20250909-WA0195-1536x1024.jpg 1536w, https:\/\/encuentroinformativo.com.mx\/wp-content\/uploads\/2025\/09\/IMG-20250909-WA0195.jpg 1599w\" sizes=\"auto, (max-width: 300px) 100vw, 300px\" \/><\/p>\n","protected":false},"excerpt":{"rendered":"<p>Dar\u00edo Pale Xalapa, Ver.- Debido a que fueron despedidos de forma injustificada seis trabajadores de la Secretar\u00eda de Medio Ambiente del Gobierno de Veracruz (SEDEMA), llevar\u00e1n a cabo una manifestaci\u00f3n pac\u00edfica con huelga de hambre en la dependencia el pr\u00f3ximo jueves. El secretario general del Sindicato de Empleados del Poder Ejecutivo de Veracruz (S.E.P.E.V.), Acdmer [&hellip;]<\/p>\n","protected":false},"author":2476,"featured_media":70802,"comment_status":"open","ping_status":"open","sticky":false,"template":"","format":"standard","meta":{"_jetpack_memberships_contains_paid_content":false,"footnotes":""},"categories":[2],"tags":[],"class_list":["post-70801","post","type-post","status-publish","format-standard","has-post-thumbnail","hentry","category-estado"],"jetpack_featured_media_url":"https:\/\/encuentroinformativo.com.mx\/wp-content\/uploads\/2025\/09\/IMG-20250909-WA0194.jpg","jetpack_sharing_enabled":true,"jetpack_likes_enabled":true,"amp_enabled":true,"_links":{"self":[{"href":"https:\/\/encuentroinformativo.com.mx\/index.php?rest_route=\/wp\/v2\/posts\/70801","targetHints":{"allow":["GET"]}}],"collection":[{"href":"https:\/\/encuentroinformativo.com.mx\/index.php?rest_route=\/wp\/v2\/posts"}],"about":[{"href":"https:\/\/encuentroinformativo.com.mx\/index.php?rest_route=\/wp\/v2\/types\/post"}],"author":[{"embeddable":true,"href":"https:\/\/encuentroinformativo.com.mx\/index.php?rest_route=\/wp\/v2\/users\/2476"}],"replies":[{"embeddable":true,"href":"https:\/\/encuentroinformativo.com.mx\/index.php?rest_route=%2Fwp%2Fv2%2Fcomments&post=70801"}],"version-history":[{"count":1,"href":"https:\/\/encuentroinformativo.com.mx\/index.php?rest_route=\/wp\/v2\/posts\/70801\/revisions"}],"predecessor-version":[{"id":70804,"href":"https:\/\/encuentroinformativo.com.mx\/index.php?rest_route=\/wp\/v2\/posts\/70801\/revisions\/70804"}],"wp:featuredmedia":[{"embeddable":true,"href":"https:\/\/encuentroinformativo.com.mx\/index.php?rest_route=\/wp\/v2\/media\/70802"}],"wp:attachment":[{"href":"https:\/\/encuentroinformativo.com.mx\/index.php?rest_route=%2Fwp%2Fv2%2Fmedia&parent=70801"}],"wp:term":[{"taxonomy":"category","embeddable":true,"href":"https:\/\/encuentroinformativo.com.mx\/index.php?rest_route=%2Fwp%2Fv2%2Fcategories&post=70801"},{"taxonomy":"post_tag","embeddable":true,"href":"https:\/\/encuentroinformativo.com.mx\/index.php?rest_route=%2Fwp%2Fv2%2Ftags&post=70801"}],"curies":[{"name":"wp","href":"https:\/\/api.w.org\/{rel}","templated":true}]}}