{"id":70831,"date":"2025-09-10T12:11:58","date_gmt":"2025-09-10T18:11:58","guid":{"rendered":"https:\/\/encuentroinformativo.com.mx\/?p=70831"},"modified":"2025-09-10T12:11:58","modified_gmt":"2025-09-10T18:11:58","slug":"con-el-imss-ampliaran-estancias-infantiles-en-veracruz-gobernadora","status":"publish","type":"post","link":"https:\/\/encuentroinformativo.com.mx\/?p=70831","title":{"rendered":"Con el IMSS, ampliar\u00e1n estancias infantiles en Veracruz: Gobernadora\u00a0"},"content":{"rendered":"<p><strong>Dar\u00edo Pale<\/strong><\/p>\n<p>Xalapa, Ver.- La gobernadora Norma Roc\u00edo Nahle Garc\u00eda dio a conocer que hoy se reunir\u00edan con el director general del Instituto Mexicano del Seguro Social (IMSS), Zo\u00e9 Robledo donde abordar\u00e1n diferentes temas importantes para el estado.<\/p>\n<p>En entrevista se\u00f1al\u00f3 que, \u201choy tenemos el gusto de recibir aqu\u00ed en el sur de Veracruz al director general del IMSS, Zo\u00e9 Robledo, estamos trabajando con ellos en diferentes temas muy importantes, y \u00e9l pidi\u00f3 eh que fuera la reuni\u00f3n ac\u00e1 en Minatitl\u00e1n por temas de ac\u00e1 del sur, tenemos temas en todo el estado\u201d.<\/p>\n<p>\u201cTambi\u00e9n traemos con \u00e9l proyectos que anunci\u00f3 la presidenta muy importantes sobre estancias infantiles en todo el estado. Somos el estado que m\u00e1s estancias infantiles nos va a construir el IMSS junto con los ayuntamientos porque necesitamos el apoyo de terrenos y cosas as\u00ed, pero a eso venimos\u201d, se\u00f1al\u00f3.<\/p>\n<p>Coment\u00f3 que para todo esto tienen que coadyuvar todos la federaci\u00f3n, el estado y los municipios.<\/p>\n<p>Finalmente dio a conocer que, \u201choy tenemos dos visitas, m\u00e1s tarde vamos a tener al director de PEMEX, pero en Veracruz\u201d.<\/p>\n","protected":false},"excerpt":{"rendered":"<p>Dar\u00edo Pale Xalapa, Ver.- La gobernadora Norma Roc\u00edo Nahle Garc\u00eda dio a conocer que hoy se reunir\u00edan con el director general del Instituto Mexicano del Seguro Social (IMSS), Zo\u00e9 Robledo donde abordar\u00e1n diferentes temas importantes para el estado. En entrevista se\u00f1al\u00f3 que, \u201choy tenemos el gusto de recibir aqu\u00ed en el sur de Veracruz al [&hellip;]<\/p>\n","protected":false},"author":2476,"featured_media":70832,"comment_status":"open","ping_status":"open","sticky":false,"template":"","format":"standard","meta":{"_jetpack_memberships_contains_paid_content":false,"footnotes":""},"categories":[9],"tags":[],"class_list":["post-70831","post","type-post","status-publish","format-standard","has-post-thumbnail","hentry","category-salud"],"jetpack_featured_media_url":"https:\/\/encuentroinformativo.com.mx\/wp-content\/uploads\/2025\/09\/IMG-20250910-WA00882.jpg","jetpack_sharing_enabled":true,"jetpack_likes_enabled":true,"amp_enabled":true,"_links":{"self":[{"href":"https:\/\/encuentroinformativo.com.mx\/index.php?rest_route=\/wp\/v2\/posts\/70831","targetHints":{"allow":["GET"]}}],"collection":[{"href":"https:\/\/encuentroinformativo.com.mx\/index.php?rest_route=\/wp\/v2\/posts"}],"about":[{"href":"https:\/\/encuentroinformativo.com.mx\/index.php?rest_route=\/wp\/v2\/types\/post"}],"author":[{"embeddable":true,"href":"https:\/\/encuentroinformativo.com.mx\/index.php?rest_route=\/wp\/v2\/users\/2476"}],"replies":[{"embeddable":true,"href":"https:\/\/encuentroinformativo.com.mx\/index.php?rest_route=%2Fwp%2Fv2%2Fcomments&post=70831"}],"version-history":[{"count":1,"href":"https:\/\/encuentroinformativo.com.mx\/index.php?rest_route=\/wp\/v2\/posts\/70831\/revisions"}],"predecessor-version":[{"id":70833,"href":"https:\/\/encuentroinformativo.com.mx\/index.php?rest_route=\/wp\/v2\/posts\/70831\/revisions\/70833"}],"wp:featuredmedia":[{"embeddable":true,"href":"https:\/\/encuentroinformativo.com.mx\/index.php?rest_route=\/wp\/v2\/media\/70832"}],"wp:attachment":[{"href":"https:\/\/encuentroinformativo.com.mx\/index.php?rest_route=%2Fwp%2Fv2%2Fmedia&parent=70831"}],"wp:term":[{"taxonomy":"category","embeddable":true,"href":"https:\/\/encuentroinformativo.com.mx\/index.php?rest_route=%2Fwp%2Fv2%2Fcategories&post=70831"},{"taxonomy":"post_tag","embeddable":true,"href":"https:\/\/encuentroinformativo.com.mx\/index.php?rest_route=%2Fwp%2Fv2%2Ftags&post=70831"}],"curies":[{"name":"wp","href":"https:\/\/api.w.org\/{rel}","templated":true}]}}