{"id":70834,"date":"2025-09-10T12:43:43","date_gmt":"2025-09-10T18:43:43","guid":{"rendered":"https:\/\/encuentroinformativo.com.mx\/?p=70834"},"modified":"2025-09-10T12:43:43","modified_gmt":"2025-09-10T18:43:43","slug":"con-recuento-acusa-maynez-robo-de-eleccion-en-poza-rica","status":"publish","type":"post","link":"https:\/\/encuentroinformativo.com.mx\/?p=70834","title":{"rendered":"Con recuento, acusa Maynez \u201crob\u00f3\u201d de elecci\u00f3n en Poza Rica"},"content":{"rendered":"<p><strong>Redacci\u00f3n<\/strong><\/p>\n<p>Xalapa, Ver.- Jorge \u00c1lvarez Maynez coordinador nacional de Movimiento Ciudadano acus\u00f3 que las autoridades electorales se \u201crobaron\u201d la elecci\u00f3n de Poza Rica con los resultados del pasado primero de junio.<\/p>\n<p>A trav\u00e9s de redes sociales emiti\u00f3 un pronunciamiento donde se\u00f1ala que en Poza Rica gan\u00f3 su partido con Emilio Olvera, pero debido a la alternaci\u00f3n de boletas y al traslado de paqueter\u00eda a la capital del estado es como buscan ganar en la mesa los resultados que Morena no obtuvo en las urnas.<\/p>\n<p>\u201cLos paquetes fueron abiertos, vulnerados, trastocados, revent\u00f3 Morena los c\u00f3mputos municipales en Poza Rica se llev\u00f3 esos paquetes a Xalapa\u2026 y las boletas que la gente vot\u00f3 por Movimiento Ciudadano les pusieron que tambi\u00e9n hab\u00edan votado por el Verde que es un partido que en varios municipios de Veracruz fue aliado con ellos\u201d.<\/p>\n<p>Las autoridades han determinado que vuelva haber otro conteo con esas boletas alteradas, abriendo todos los paquetes que han tenido ellos para hacer lo que quieran y que evidentemente ya sabemos cual va ser el desenlace, puntualiz\u00f3.<\/p>\n<p>Cabe destacar que debido al recuento de votos que se realiza este d\u00eda las oficinas del Organismo P\u00fablico Local Electoral (OPLE) de la calle Clavijero de esta ciudad han sido \u201cblindadas\u201d con elementos de seguridad.<\/p>\n","protected":false},"excerpt":{"rendered":"<p>Redacci\u00f3n Xalapa, Ver.- Jorge \u00c1lvarez Maynez coordinador nacional de Movimiento Ciudadano acus\u00f3 que las autoridades electorales se \u201crobaron\u201d la elecci\u00f3n de Poza Rica con los resultados del pasado primero de junio. A trav\u00e9s de redes sociales emiti\u00f3 un pronunciamiento donde se\u00f1ala que en Poza Rica gan\u00f3 su partido con Emilio Olvera, pero debido a la [&hellip;]<\/p>\n","protected":false},"author":2476,"featured_media":70835,"comment_status":"open","ping_status":"open","sticky":false,"template":"","format":"standard","meta":{"_jetpack_memberships_contains_paid_content":false,"footnotes":""},"categories":[2],"tags":[],"class_list":["post-70834","post","type-post","status-publish","format-standard","has-post-thumbnail","hentry","category-estado"],"jetpack_featured_media_url":"https:\/\/encuentroinformativo.com.mx\/wp-content\/uploads\/2025\/09\/Screenshot_20250910-124023.png","jetpack_sharing_enabled":true,"jetpack_likes_enabled":true,"amp_enabled":true,"_links":{"self":[{"href":"https:\/\/encuentroinformativo.com.mx\/index.php?rest_route=\/wp\/v2\/posts\/70834","targetHints":{"allow":["GET"]}}],"collection":[{"href":"https:\/\/encuentroinformativo.com.mx\/index.php?rest_route=\/wp\/v2\/posts"}],"about":[{"href":"https:\/\/encuentroinformativo.com.mx\/index.php?rest_route=\/wp\/v2\/types\/post"}],"author":[{"embeddable":true,"href":"https:\/\/encuentroinformativo.com.mx\/index.php?rest_route=\/wp\/v2\/users\/2476"}],"replies":[{"embeddable":true,"href":"https:\/\/encuentroinformativo.com.mx\/index.php?rest_route=%2Fwp%2Fv2%2Fcomments&post=70834"}],"version-history":[{"count":1,"href":"https:\/\/encuentroinformativo.com.mx\/index.php?rest_route=\/wp\/v2\/posts\/70834\/revisions"}],"predecessor-version":[{"id":70836,"href":"https:\/\/encuentroinformativo.com.mx\/index.php?rest_route=\/wp\/v2\/posts\/70834\/revisions\/70836"}],"wp:featuredmedia":[{"embeddable":true,"href":"https:\/\/encuentroinformativo.com.mx\/index.php?rest_route=\/wp\/v2\/media\/70835"}],"wp:attachment":[{"href":"https:\/\/encuentroinformativo.com.mx\/index.php?rest_route=%2Fwp%2Fv2%2Fmedia&parent=70834"}],"wp:term":[{"taxonomy":"category","embeddable":true,"href":"https:\/\/encuentroinformativo.com.mx\/index.php?rest_route=%2Fwp%2Fv2%2Fcategories&post=70834"},{"taxonomy":"post_tag","embeddable":true,"href":"https:\/\/encuentroinformativo.com.mx\/index.php?rest_route=%2Fwp%2Fv2%2Ftags&post=70834"}],"curies":[{"name":"wp","href":"https:\/\/api.w.org\/{rel}","templated":true}]}}