{"id":70841,"date":"2025-09-10T14:16:47","date_gmt":"2025-09-10T20:16:47","guid":{"rendered":"https:\/\/encuentroinformativo.com.mx\/?p=70841"},"modified":"2025-09-10T14:16:47","modified_gmt":"2025-09-10T20:16:47","slug":"celebrara-sonora-santanera-70-anos-en-xalapa","status":"publish","type":"post","link":"https:\/\/encuentroinformativo.com.mx\/?p=70841","title":{"rendered":"Celebrar\u00e1 Sonora Santanera 70 a\u00f1os en Xalapa"},"content":{"rendered":"<p><strong>Dar\u00edo Pale<\/strong><\/p>\n<p>Xalapa, Ver.- La Sonora Santanera y la Orquesta Universitaria de M\u00fasica Popular (La POP) celebrar\u00e1n el 18 de octubre un concierto baile en el Nido del Halc\u00f3n.<\/p>\n<p>En el marco de su 70\u00b0 aniversario, La \u00danica e Internacional Sonora Santanera, en su tour A Muchos A\u00f1os La Leyenda Contin\u00faa, llegar\u00e1 a la ciudad de Xalapa acompa\u00f1ada por la Orquesta Universitaria de M\u00fasica Popular para presentarse en el Gimnasio Nido del Halc\u00f3n UV, en un concierto-baile que promete una velada inolvidable llena de ritmo, alegr\u00eda y tradici\u00f3n musical.<\/p>\n<p>Como se sabe, desde 1974, La POP ha difundido la m\u00fasica popular de distintas culturas alrededor del mundo, y en esta ocasi\u00f3n se suma al talento y la historia de la Sonora Santanera, fundada por el bongocero Arturo Ortiz y el trompetista Antonio M\u00e9ndez.<\/p>\n<p>Ambas agrupaciones interpretar\u00e1n los grandes \u00e9xitos que han marcado a generaciones y que contin\u00faan siendo parte del repertorio musical contempor\u00e1neo.<\/p>\n<p>El concierto estar\u00e1 organizado en dos grandes momentos. En la primera parte, la POP acompa\u00f1ar\u00e1 a la Santanera con arreglos sinf\u00f3nicos especialmente creados para esta presentaci\u00f3n, ofreciendo una propuesta fresca y enriquecida que combina el talento de La Pop con los \u00e9xitos de la agrupaci\u00f3n.<\/p>\n<p>En la segunda parte, la Sonora Santanera tomar\u00e1 el escenario en solitario para encender el ambiente de fiesta con su caracter\u00edstico estilo tropical.<\/p>\n<p>A lo largo de la noche, el p\u00fablico podr\u00e1 bailar y corear los temas m\u00e1s emblem\u00e1ticos de la agrupaci\u00f3n, en una celebraci\u00f3n que une tradici\u00f3n y alegr\u00eda.<\/p>\n<p>El espect\u00e1culo no solo ser\u00e1 un recorrido musical por siete d\u00e9cadas de historia, sino tambi\u00e9n una invitaci\u00f3n a vivir la magia de una noche de baile que une a familias y amigos en torno a la m\u00fasica popular mexicana, en un espacio emblem\u00e1tico de la Universidad Veracruzana.<\/p>\n<p>Este evento es una coproducci\u00f3n de la Direcci\u00f3n General de Difusi\u00f3n Cultural UV, la Fundaci\u00f3n UV y el Fondo de Empresas de la UV.<\/p>\n<p>Precio de los boletos:<br \/>\nMesa Diamante (4 px) $5,180<br \/>\nOro $1,075<br \/>\nPlata $855<br \/>\nBronce $630<br \/>\n*Cargos por expedici\u00f3n incluidos<\/p>\n<p>Puntos de venta:<br \/>\nWeb: https:\/\/empresasuv.comprarboletos.com\/musica\/a-bailar-con-la-santanera-acompanada-por-la-pop-134<br \/>\nTienda UV Xalapa (Zona UV) de lunes a viernes de 9:00 a 15:00 hrs y de 16:00 a 18:00 hrs. S\u00e1bados de 10:00 a 14:00 hrs. Circuito Gonzalo Aguirre Beltr\u00e1n S\/N, Xalapa, Ver. C.P. 91000<br \/>\nTienda UV MAX de martes a domingo de 10:00 a 17:00 hrs. Av. Xalapa S\/N, Unidad Magisterial, Xalapa, Ver. C.P. 91017<br \/>\nTienda Halcones UV (Gimnasio Universitario Xalapa) De lunes a viernes de 10 h a 15 h y de 16 h a 17:30 h. Circuito Gonzalo Aguirre Beltr\u00e1n S\/N, Xalapa, Ver. C.P. 91000<br \/>\nTaquilla del Gimnasio Nido del Halc\u00f3n UV el d\u00eda del evento.<\/p>\n<p>Tel\u00e9fono de atenci\u00f3n al cliente:<br \/>\n22 82 88 22 39, de lunes a viernes de 9h a 15h y de 16h a 18h.<\/p>\n<p>S\u00f3lo ingresan infantes mayores de 8 a\u00f1os.<\/p>\n","protected":false},"excerpt":{"rendered":"<p>Dar\u00edo Pale Xalapa, Ver.- La Sonora Santanera y la Orquesta Universitaria de M\u00fasica Popular (La POP) celebrar\u00e1n el 18 de octubre un concierto baile en el Nido del Halc\u00f3n. En el marco de su 70\u00b0 aniversario, La \u00danica e Internacional Sonora Santanera, en su tour A Muchos A\u00f1os La Leyenda Contin\u00faa, llegar\u00e1 a la ciudad [&hellip;]<\/p>\n","protected":false},"author":2476,"featured_media":70842,"comment_status":"open","ping_status":"open","sticky":false,"template":"","format":"standard","meta":{"_jetpack_memberships_contains_paid_content":false,"footnotes":""},"categories":[3],"tags":[],"class_list":["post-70841","post","type-post","status-publish","format-standard","has-post-thumbnail","hentry","category-xalapa"],"jetpack_featured_media_url":"https:\/\/encuentroinformativo.com.mx\/wp-content\/uploads\/2025\/09\/IMG-20250910-WA0168.jpg","jetpack_sharing_enabled":true,"jetpack_likes_enabled":true,"amp_enabled":true,"_links":{"self":[{"href":"https:\/\/encuentroinformativo.com.mx\/index.php?rest_route=\/wp\/v2\/posts\/70841","targetHints":{"allow":["GET"]}}],"collection":[{"href":"https:\/\/encuentroinformativo.com.mx\/index.php?rest_route=\/wp\/v2\/posts"}],"about":[{"href":"https:\/\/encuentroinformativo.com.mx\/index.php?rest_route=\/wp\/v2\/types\/post"}],"author":[{"embeddable":true,"href":"https:\/\/encuentroinformativo.com.mx\/index.php?rest_route=\/wp\/v2\/users\/2476"}],"replies":[{"embeddable":true,"href":"https:\/\/encuentroinformativo.com.mx\/index.php?rest_route=%2Fwp%2Fv2%2Fcomments&post=70841"}],"version-history":[{"count":1,"href":"https:\/\/encuentroinformativo.com.mx\/index.php?rest_route=\/wp\/v2\/posts\/70841\/revisions"}],"predecessor-version":[{"id":70843,"href":"https:\/\/encuentroinformativo.com.mx\/index.php?rest_route=\/wp\/v2\/posts\/70841\/revisions\/70843"}],"wp:featuredmedia":[{"embeddable":true,"href":"https:\/\/encuentroinformativo.com.mx\/index.php?rest_route=\/wp\/v2\/media\/70842"}],"wp:attachment":[{"href":"https:\/\/encuentroinformativo.com.mx\/index.php?rest_route=%2Fwp%2Fv2%2Fmedia&parent=70841"}],"wp:term":[{"taxonomy":"category","embeddable":true,"href":"https:\/\/encuentroinformativo.com.mx\/index.php?rest_route=%2Fwp%2Fv2%2Fcategories&post=70841"},{"taxonomy":"post_tag","embeddable":true,"href":"https:\/\/encuentroinformativo.com.mx\/index.php?rest_route=%2Fwp%2Fv2%2Ftags&post=70841"}],"curies":[{"name":"wp","href":"https:\/\/api.w.org\/{rel}","templated":true}]}}