{"id":70847,"date":"2025-09-10T16:38:34","date_gmt":"2025-09-10T22:38:34","guid":{"rendered":"https:\/\/encuentroinformativo.com.mx\/?p=70847"},"modified":"2025-09-10T16:38:34","modified_gmt":"2025-09-10T22:38:34","slug":"lamenta-coparmex-nulo-crecimiento-economico","status":"publish","type":"post","link":"https:\/\/encuentroinformativo.com.mx\/?p=70847","title":{"rendered":"Lamenta COPARMEX nulo crecimiento econ\u00f3mico"},"content":{"rendered":"<p><strong>Dar\u00edo Pale<\/strong><\/p>\n<p>Xalapa, Ver.- El presidente de la Coparmex Xalapa, Arturo Blanco Hern\u00e1ndez, lament\u00f3 que al cierre de 2025 el crecimiento econ\u00f3mico a nivel nacional ser\u00e1 pr\u00e1cticamente nulo.<\/p>\n<p>\u201cEstamos en efecto ya en el \u00faltimo trimestre del 2025 y bueno, pues las predicciones que hab\u00eda en materia econ\u00f3mica no est\u00e1n erradas, vamos a tener pr\u00e1cticamente a nivel nacional un crecimiento nulo, pero tambi\u00e9n hay que apuntar que la inflaci\u00f3n al menos se ha mantenido controlada, m\u00e1s o menos en lo esperado, y esperamos cerrar el a\u00f1o con ventas, con un punto en nuestras ventas\u201d, se\u00f1al\u00f3.<\/p>\n<p>Acerca de las extorsiones, el empresario dijo que no han aumentado pero s\u00ed contin\u00faan registr\u00e1ndose.<\/p>\n<p>En muchos casos son v\u00eda telef\u00f3nica, pero tambi\u00e9n hay de manera presencial, lo que afecta a comerciantes, incluso a negocios irregulares, vendedores informales.<\/p>\n<p>&#8220;No hay un giro en particular. Buscan el perfil del empresario o del negocio. No se van contra las constructoras o los hoteles&#8221;, coment\u00f3.<\/p>\n<p>Por \u00faltimo en otro orden de ideas sobre el paquete econ\u00f3mico que acaban de lanzar en el 2026, coment\u00f3 que, \u201cestamos todav\u00eda a\u00fan en el an\u00e1lisis, pero lo que podemos ver de primer impacto y que llama la atenci\u00f3n es el incremento en los impuestos que va a haber al tabaco, videojuegos, apuestas y refrescos edulcorantes, y lo que llama la atenci\u00f3n es la disminuci\u00f3n que hubo en seguridad\u201d.<\/p>\n","protected":false},"excerpt":{"rendered":"<p>Dar\u00edo Pale Xalapa, Ver.- El presidente de la Coparmex Xalapa, Arturo Blanco Hern\u00e1ndez, lament\u00f3 que al cierre de 2025 el crecimiento econ\u00f3mico a nivel nacional ser\u00e1 pr\u00e1cticamente nulo. \u201cEstamos en efecto ya en el \u00faltimo trimestre del 2025 y bueno, pues las predicciones que hab\u00eda en materia econ\u00f3mica no est\u00e1n erradas, vamos a tener pr\u00e1cticamente [&hellip;]<\/p>\n","protected":false},"author":2476,"featured_media":70848,"comment_status":"open","ping_status":"open","sticky":false,"template":"","format":"standard","meta":{"_jetpack_memberships_contains_paid_content":false,"footnotes":""},"categories":[3],"tags":[],"class_list":["post-70847","post","type-post","status-publish","format-standard","has-post-thumbnail","hentry","category-xalapa"],"jetpack_featured_media_url":"https:\/\/encuentroinformativo.com.mx\/wp-content\/uploads\/2025\/09\/IMG-20250910-WA0207.jpg","jetpack_sharing_enabled":true,"jetpack_likes_enabled":true,"amp_enabled":true,"_links":{"self":[{"href":"https:\/\/encuentroinformativo.com.mx\/index.php?rest_route=\/wp\/v2\/posts\/70847","targetHints":{"allow":["GET"]}}],"collection":[{"href":"https:\/\/encuentroinformativo.com.mx\/index.php?rest_route=\/wp\/v2\/posts"}],"about":[{"href":"https:\/\/encuentroinformativo.com.mx\/index.php?rest_route=\/wp\/v2\/types\/post"}],"author":[{"embeddable":true,"href":"https:\/\/encuentroinformativo.com.mx\/index.php?rest_route=\/wp\/v2\/users\/2476"}],"replies":[{"embeddable":true,"href":"https:\/\/encuentroinformativo.com.mx\/index.php?rest_route=%2Fwp%2Fv2%2Fcomments&post=70847"}],"version-history":[{"count":1,"href":"https:\/\/encuentroinformativo.com.mx\/index.php?rest_route=\/wp\/v2\/posts\/70847\/revisions"}],"predecessor-version":[{"id":70849,"href":"https:\/\/encuentroinformativo.com.mx\/index.php?rest_route=\/wp\/v2\/posts\/70847\/revisions\/70849"}],"wp:featuredmedia":[{"embeddable":true,"href":"https:\/\/encuentroinformativo.com.mx\/index.php?rest_route=\/wp\/v2\/media\/70848"}],"wp:attachment":[{"href":"https:\/\/encuentroinformativo.com.mx\/index.php?rest_route=%2Fwp%2Fv2%2Fmedia&parent=70847"}],"wp:term":[{"taxonomy":"category","embeddable":true,"href":"https:\/\/encuentroinformativo.com.mx\/index.php?rest_route=%2Fwp%2Fv2%2Fcategories&post=70847"},{"taxonomy":"post_tag","embeddable":true,"href":"https:\/\/encuentroinformativo.com.mx\/index.php?rest_route=%2Fwp%2Fv2%2Ftags&post=70847"}],"curies":[{"name":"wp","href":"https:\/\/api.w.org\/{rel}","templated":true}]}}