{"id":70856,"date":"2025-09-10T16:58:20","date_gmt":"2025-09-10T22:58:20","guid":{"rendered":"https:\/\/encuentroinformativo.com.mx\/?p=70856"},"modified":"2025-09-10T16:58:20","modified_gmt":"2025-09-10T22:58:20","slug":"empresarios-piden-mayores-incentivos-para-la-iniciativa-privada","status":"publish","type":"post","link":"https:\/\/encuentroinformativo.com.mx\/?p=70856","title":{"rendered":"Empresarios piden mayores incentivos para la iniciativa privada"},"content":{"rendered":"<p><strong>Dar\u00edo Pale<\/strong><\/p>\n<p>Xalapa, Ver.- Bernardo Mart\u00ednez R\u00edos, presidente del Consejo Empresarial Metropolitano de Xalapa confi\u00f3 en que el cierre de este a\u00f1o sea positivo para el sector comercial, adem\u00e1s de que lleguen turistas, aunque tambi\u00e9n expuso que hacen falta m\u00e1s incentivos para la iniciativa privada.<\/p>\n<p>Acerca del paquete econ\u00f3mico 2026 expuso que busca atacar el d\u00e9ficit que se tiene con respecto al nivel de deuda, pero adem\u00e1s de que vienen impuestos como el IEPS, Impuesto Especial sobre Producci\u00f3n y Servicios a refrescos, cigarrillos, gasolinas y otros.<\/p>\n<p>&#8220;La clase media puede verse afectada por las tasas que se van a imponer al ahorro y esperamos que el paquete econ\u00f3mico pueda detonar la inversi\u00f3n, el crecimiento y la infraestructura&#8221;, expuso.<\/p>\n<p>El l\u00edder empresarial no descart\u00f3 que estos nuevos impuestos afecten a la clase media, por las tasas que se van a imponer al ahorro, por lo que espera que el paquete econ\u00f3mico sea responsable y se aplique en tiempo y forma para que haya inversi\u00f3n y a su vez crecimiento.<\/p>\n<p>El empresario indic\u00f3 que el crecimiento en el pa\u00eds es bajo y no es el deseado, incluso menor al del a\u00f1o pasado.<\/p>\n<p>&#8220;El presupuesto, el programa que se manda trae un crecimiento de 2.5 por ciento, el paquete econ\u00f3mico es de 10.1 billones de pesos. Sabemos que tenemos algunos a\u00f1os donde no alcanzamos el 1.5 por ciento&#8221;, expuso.<\/p>\n<p>Por ello plante\u00f3 que el presupuesto se destine para obras e infraestructura y a su vez haya inversiones.<\/p>\n<p>Finalmente Bernardo Mart\u00ednez R\u00edos expres\u00f3 que tambi\u00e9n hacen falta incentivos para la iniciativa privada, &#8220;porque representamos a las Mipymes, micros y peque\u00f1os comercios que d\u00eda a d\u00eda abren sus cortinas a ganarse el pan de cada d\u00eda, por lo que pedimos que haya seguridad y las mejores condiciones de trabajo&#8221;.<\/p>\n","protected":false},"excerpt":{"rendered":"<p>Dar\u00edo Pale Xalapa, Ver.- Bernardo Mart\u00ednez R\u00edos, presidente del Consejo Empresarial Metropolitano de Xalapa confi\u00f3 en que el cierre de este a\u00f1o sea positivo para el sector comercial, adem\u00e1s de que lleguen turistas, aunque tambi\u00e9n expuso que hacen falta m\u00e1s incentivos para la iniciativa privada. Acerca del paquete econ\u00f3mico 2026 expuso que busca atacar el [&hellip;]<\/p>\n","protected":false},"author":2476,"featured_media":70857,"comment_status":"open","ping_status":"open","sticky":false,"template":"","format":"standard","meta":{"_jetpack_memberships_contains_paid_content":false,"footnotes":""},"categories":[3],"tags":[],"class_list":["post-70856","post","type-post","status-publish","format-standard","has-post-thumbnail","hentry","category-xalapa"],"jetpack_featured_media_url":"https:\/\/encuentroinformativo.com.mx\/wp-content\/uploads\/2025\/09\/IMG-20250910-WA02512.jpg","jetpack_sharing_enabled":true,"jetpack_likes_enabled":true,"amp_enabled":true,"_links":{"self":[{"href":"https:\/\/encuentroinformativo.com.mx\/index.php?rest_route=\/wp\/v2\/posts\/70856","targetHints":{"allow":["GET"]}}],"collection":[{"href":"https:\/\/encuentroinformativo.com.mx\/index.php?rest_route=\/wp\/v2\/posts"}],"about":[{"href":"https:\/\/encuentroinformativo.com.mx\/index.php?rest_route=\/wp\/v2\/types\/post"}],"author":[{"embeddable":true,"href":"https:\/\/encuentroinformativo.com.mx\/index.php?rest_route=\/wp\/v2\/users\/2476"}],"replies":[{"embeddable":true,"href":"https:\/\/encuentroinformativo.com.mx\/index.php?rest_route=%2Fwp%2Fv2%2Fcomments&post=70856"}],"version-history":[{"count":1,"href":"https:\/\/encuentroinformativo.com.mx\/index.php?rest_route=\/wp\/v2\/posts\/70856\/revisions"}],"predecessor-version":[{"id":70858,"href":"https:\/\/encuentroinformativo.com.mx\/index.php?rest_route=\/wp\/v2\/posts\/70856\/revisions\/70858"}],"wp:featuredmedia":[{"embeddable":true,"href":"https:\/\/encuentroinformativo.com.mx\/index.php?rest_route=\/wp\/v2\/media\/70857"}],"wp:attachment":[{"href":"https:\/\/encuentroinformativo.com.mx\/index.php?rest_route=%2Fwp%2Fv2%2Fmedia&parent=70856"}],"wp:term":[{"taxonomy":"category","embeddable":true,"href":"https:\/\/encuentroinformativo.com.mx\/index.php?rest_route=%2Fwp%2Fv2%2Fcategories&post=70856"},{"taxonomy":"post_tag","embeddable":true,"href":"https:\/\/encuentroinformativo.com.mx\/index.php?rest_route=%2Fwp%2Fv2%2Ftags&post=70856"}],"curies":[{"name":"wp","href":"https:\/\/api.w.org\/{rel}","templated":true}]}}