{"id":70862,"date":"2025-09-10T18:54:03","date_gmt":"2025-09-11T00:54:03","guid":{"rendered":"https:\/\/encuentroinformativo.com.mx\/?p=70862"},"modified":"2025-09-10T18:54:03","modified_gmt":"2025-09-11T00:54:03","slug":"niega-gobernadora-nahle-que-existan-grupos-de-pobladores-armados-en-oteapan","status":"publish","type":"post","link":"https:\/\/encuentroinformativo.com.mx\/?p=70862","title":{"rendered":"Niega Gobernadora Nahle que existan grupos de pobladores armados en Oteapan"},"content":{"rendered":"<p><strong>* Este mi\u00e9rcoles estuvo en Coatzacoalcos donde dijo que hace unos d\u00edas apenas recorri\u00f3 la zona serrana y no vio nada.<\/strong><\/p>\n<p><strong>Fluvio Cesar Mart\u00ednez<\/strong><\/p>\n<p>Coatzacoalcos, Ver. &#8211; La gobernadora de Veracruz, Roc\u00edo Nahle Garc\u00eda, neg\u00f3 que existan guardias comunitarios armadas en el municipio de Oteapan, al sur de la entidad. Durante su visita a Coatzacoalcos, este mi\u00e9rcoles, de nueva cuenta demostr\u00f3 desconocer lo que pasa en la entidad, al se\u00f1alar que no han visto nada de eso.<\/p>\n<p>Entrevistada, durante la tarde de este mi\u00e9rcoles, al salir de un recorrido en el Hospital del IMSS de Coatzacoalcos, en compa\u00f1\u00eda del director general Zo\u00e9 Robledo, Nahle Garc\u00eda, respondi\u00f3 que hace unos d\u00edas estuvo en la zona serrana de Tatahuicapan y no se percat\u00f3 de la conformaci\u00f3n de estas autodefensas, e intent\u00f3 evadir la pregunta.<\/p>\n<p>\u201cNo, no, no, acabo de estar en Tatahuicapan con todos, con todos, nada de eso\u201d, respondi\u00f3 a pregunta expresa de este medio y evadi\u00f3 m\u00e1s cuestionamientos.<\/p>\n<p><strong>La silla rota document\u00f3 a los grupos armados<\/strong><\/p>\n<p>El pasado lunes ocho de septiembre, La silla rota, acudi\u00f3 al municipio de Oteapan y por la noche realiz\u00f3 un recorrido con los pobladores de aquella localidad, donde no solo se confirm\u00f3 que se organizaron como polic\u00edas comunitarios; tambi\u00e9n, cuentan con armas cortas y largas de diferentes calibres.<\/p>\n<p>Son m\u00e1s de sesenta personas, en su mayor\u00eda hombres, pero tambi\u00e9n hay mujeres que est\u00e1n en el equipo.<\/p>\n<p>Realizan recorridos en motocicletas, instalan retenes aleatorios y tambi\u00e9n atienden cualquier emergencia que se presenta.<\/p>\n<p>Se visten con ropa color negro, mascaras o pasamonta\u00f1as para cubrir su rostro, y se comunican por medio de radios. Todo lo que tienen fue adquirido con recursos del pueblo, entre ellos se cooperaron.<\/p>\n<p>\u201cLa verdad no hubo de otra, la misma ciudadan\u00eda ha tomado esa decisi\u00f3n y no nada m\u00e1s nosotros, en los barrios vas a ver compa\u00f1eros que tienen armas; es ilegal, pero sinceramente no lo vemos ilegal porque es para defendernos\u201d, dijo el representante de la guardia comunitaria en entrevista.<\/p>\n<p style=\"text-align: center;\"><strong>No hay reforzamiento de la seguridad en Oteapan<\/strong><\/p>\n<p>A pesar de que la polic\u00eda comunitaria se reactiv\u00f3 desde el pasado fin de semana, por el aumento de casos de robos y otros delitos en Oteapan, hasta el momento el gobierno del estado no ha reforzado la seguridad en esta localidad de m\u00e1s de 30 mil habitantes.<\/p>\n<p>El martes, se observaron algunas patrullas de la Guardia Nacional, frente a la base de la Polic\u00eda Municipal, pero solo fue por un par de horas y despu\u00e9s se retiraron del municipio.<\/p>\n<p>En tanto que el alcalde Jairo C\u00e9sar, hizo un llamado a la poblaci\u00f3n a no combatir la violencia con m\u00e1s violencia, reiterando que est\u00e1n trabajando en un reforzamiento de la seguridad con 22 elementos polic\u00edacos certificados.<\/p>\n<p>&nbsp;<\/p>\n","protected":false},"excerpt":{"rendered":"<p>* Este mi\u00e9rcoles estuvo en Coatzacoalcos donde dijo que hace unos d\u00edas apenas recorri\u00f3 la zona serrana y no vio nada. Fluvio Cesar Mart\u00ednez Coatzacoalcos, Ver. &#8211; La gobernadora de Veracruz, Roc\u00edo Nahle Garc\u00eda, neg\u00f3 que existan guardias comunitarios armadas en el municipio de Oteapan, al sur de la entidad. Durante su visita a Coatzacoalcos, [&hellip;]<\/p>\n","protected":false},"author":2476,"featured_media":68880,"comment_status":"open","ping_status":"open","sticky":false,"template":"","format":"standard","meta":{"_jetpack_memberships_contains_paid_content":false,"footnotes":""},"categories":[2],"tags":[],"class_list":["post-70862","post","type-post","status-publish","format-standard","has-post-thumbnail","hentry","category-estado"],"jetpack_featured_media_url":"https:\/\/encuentroinformativo.com.mx\/wp-content\/uploads\/2025\/06\/IMG-20250626-WA04222.jpg","jetpack_sharing_enabled":true,"jetpack_likes_enabled":true,"amp_enabled":true,"_links":{"self":[{"href":"https:\/\/encuentroinformativo.com.mx\/index.php?rest_route=\/wp\/v2\/posts\/70862","targetHints":{"allow":["GET"]}}],"collection":[{"href":"https:\/\/encuentroinformativo.com.mx\/index.php?rest_route=\/wp\/v2\/posts"}],"about":[{"href":"https:\/\/encuentroinformativo.com.mx\/index.php?rest_route=\/wp\/v2\/types\/post"}],"author":[{"embeddable":true,"href":"https:\/\/encuentroinformativo.com.mx\/index.php?rest_route=\/wp\/v2\/users\/2476"}],"replies":[{"embeddable":true,"href":"https:\/\/encuentroinformativo.com.mx\/index.php?rest_route=%2Fwp%2Fv2%2Fcomments&post=70862"}],"version-history":[{"count":1,"href":"https:\/\/encuentroinformativo.com.mx\/index.php?rest_route=\/wp\/v2\/posts\/70862\/revisions"}],"predecessor-version":[{"id":70864,"href":"https:\/\/encuentroinformativo.com.mx\/index.php?rest_route=\/wp\/v2\/posts\/70862\/revisions\/70864"}],"wp:featuredmedia":[{"embeddable":true,"href":"https:\/\/encuentroinformativo.com.mx\/index.php?rest_route=\/wp\/v2\/media\/68880"}],"wp:attachment":[{"href":"https:\/\/encuentroinformativo.com.mx\/index.php?rest_route=%2Fwp%2Fv2%2Fmedia&parent=70862"}],"wp:term":[{"taxonomy":"category","embeddable":true,"href":"https:\/\/encuentroinformativo.com.mx\/index.php?rest_route=%2Fwp%2Fv2%2Fcategories&post=70862"},{"taxonomy":"post_tag","embeddable":true,"href":"https:\/\/encuentroinformativo.com.mx\/index.php?rest_route=%2Fwp%2Fv2%2Ftags&post=70862"}],"curies":[{"name":"wp","href":"https:\/\/api.w.org\/{rel}","templated":true}]}}